{"id":6632,"date":"2019-10-10T18:54:12","date_gmt":"2019-10-10T16:54:12","guid":{"rendered":"http:\/\/preview.spasciani.com\/?p=6632"},"modified":"2019-10-10T18:54:12","modified_gmt":"2019-10-10T16:54:12","slug":"aa-2019-on-se-retrouve-a-dusseldorf","status":"publish","type":"post","link":"https:\/\/www.spasciani.com\/fr\/aa-2019-on-se-retrouve-a-dusseldorf\/","title":{"rendered":"A+A 2019: on se retrouve \u00e0 D\u00fcsseldorf!"},"content":{"rendered":"<p><a href=\"https:\/\/www.aplusa-online.it\/it\/Internationale_Startseiten_[im_men\u00fc_ausgeblendet]\/A_A_2019?_ga=2.229452380.152640297.1569338294-2065001362.1569338294\"><img loading=\"lazy\" decoding=\"async\" class=\"aligncenter wp-image-6615\" src=\"http:\/\/preview.spasciani.com\/wp-content\/uploads\/2019\/10\/Schermata-2019-09-25-alle-17.43.39.png\" alt=\"\" width=\"760\" height=\"231\" srcset=\"https:\/\/www.spasciani.com\/wp-content\/uploads\/2019\/10\/Schermata-2019-09-25-alle-17.43.39.png 565w, https:\/\/www.spasciani.com\/wp-content\/uploads\/2019\/10\/Schermata-2019-09-25-alle-17.43.39-300x91.png 300w\" sizes=\"auto, (max-width: 760px) 100vw, 760px\" \/><\/a><\/p>\n<p class=\"p1\"><span class=\"s1\">Spasciani SpA sera pr\u00e9sent comme \u00e0 chaque \u00e9ditions au Salon International de D\u00fcsseldorf A+A.<\/span><\/p>\n<p class=\"p1\"><span class=\"s1\">Cet ann\u00e9e il y aura une grande nouveaut\u00e9\u00a0: la soci\u00e9t\u00e9 NUEVA SIBOL, qui a rejoint le Groupe en juin dernier, sera pour la premi\u00e8re fois \u00e0 nos c\u00f4t\u00e9.<\/span><\/p>\n<p class=\"p1\"><span class=\"s1\">Depuis plusieurs ann\u00e9es, A+A est le salon le plus important \u00e0 se concentrer sur la s\u00e9curit\u00e9 des entreprises et des personnes au travail. \u00a0<\/span><\/p>\n<p class=\"p1\"><span class=\"s1\">La derni\u00e8re \u00e9dition de 2017, a r\u00e9uni 1 942 exposants de 63 pays et a \u00e9t\u00e9 visit\u00e9e par plus de 67 000 visiteurs de 132 pays.<\/span><\/p>\n<p class=\"p1\"><span class=\"s1\">Pour le Groupe Spasciani, cette \u00e9dition sera la premi\u00e8re occasion officielle au niveau international pour pr\u00e9senter toutes les nouveaut\u00e9s, la gamme de produits r\u00e9cemment enrichie et la nouvelle \u00e9quipe de NUEVA SIBOL qui est d\u00e9j\u00e0 compl\u00e8tement op\u00e9rationnelle !<\/span><\/p>\n<p class=\"p1\"><span class=\"s1\">En particulier, nous aurons le plaisir de vous pr\u00e9senter les innovations les plus importantes sur nos produits telles que: les demi-masques jetables, les dispositifs de protection auditive, une nouvelle ligne de demi-masques et cartouches ainsi que les nouveaux dispositifs d&rsquo;\u00e9vacuation.<\/span><\/p>\n<p class=\"p1\"><span class=\"s1\">Pour toute information, pour recevoir un support au niveau logistique ou pour des badges d\u2019entr\u00e9es, n\u2019h\u00e9sitez pas \u00e0 nous contacter. Vous pouvez \u00e9crire sur notre boite e-mail g\u00e9n\u00e9rale\u00a0<a href=\"mailto:info@spasciani.it\"><span class=\"s2\">info@spasciani.it<\/span><\/a>\u00a0ou Vous pouvez Vous adresser directement \u00e0 l\u2019un de nos commerciaux.<\/span><\/p>\n<p class=\"p1\"><span class=\"s1\">On vous attend \u00e0 D\u00fcsseldorf\u00a0du 5 au 8 novembre\u00a0sur notre stand 6C05 \u2013 Hall 6<\/span><\/p>\n","protected":false},"excerpt":{"rendered":"<p>Spasciani SpA sera pr\u00e9sent comme \u00e0 chaque \u00e9ditions au Salon International de D\u00fcsseldorf A+A. Cet ann\u00e9e il y aura une grande nouveaut\u00e9\u00a0: la soci\u00e9t\u00e9 NUEVA SIBOL, qui a rejoint le Groupe en juin dernier, sera pour la premi\u00e8re fois \u00e0 nos c\u00f4t\u00e9. Depuis plusieurs ann\u00e9es, A+A est le salon le plus important \u00e0 se concentrer [&hellip;]<\/p>\n","protected":false},"author":8934,"featured_media":6625,"comment_status":"closed","ping_status":"closed","sticky":false,"template":"","format":"standard","meta":{"footnotes":""},"tags":[],"class_list":["post-6632","post","type-post","status-publish","format-standard","has-post-thumbnail","hentry"],"acf":[],"yoast_head":"<!-- This site is optimized with the Yoast SEO plugin v25.3.1 - https:\/\/yoast.com\/wordpress\/plugins\/seo\/ -->\n<title>A+A 2019: on se retrouve \u00e0 D\u00fcsseldorf! - Spasciani<\/title>\n<meta name=\"robots\" content=\"index, follow, max-snippet:-1, max-image-preview:large, max-video-preview:-1\" \/>\n<link rel=\"canonical\" href=\"https:\/\/www.spasciani.com\/fr\/aa-2019-on-se-retrouve-a-dusseldorf\/\" \/>\n<meta property=\"og:locale\" content=\"fr_FR\" \/>\n<meta property=\"og:type\" content=\"article\" \/>\n<meta property=\"og:title\" content=\"A+A 2019: on se retrouve \u00e0 D\u00fcsseldorf! - Spasciani\" \/>\n<meta property=\"og:description\" content=\"Spasciani SpA sera pr\u00e9sent comme \u00e0 chaque \u00e9ditions au Salon International de D\u00fcsseldorf A+A. Cet ann\u00e9e il y aura une grande nouveaut\u00e9\u00a0: la soci\u00e9t\u00e9 NUEVA SIBOL, qui a rejoint le Groupe en juin dernier, sera pour la premi\u00e8re fois \u00e0 nos c\u00f4t\u00e9. Depuis plusieurs ann\u00e9es, A+A est le salon le plus important \u00e0 se concentrer [&hellip;]\" \/>\n<meta property=\"og:url\" content=\"https:\/\/www.spasciani.com\/fr\/aa-2019-on-se-retrouve-a-dusseldorf\/\" \/>\n<meta property=\"og:site_name\" content=\"Spasciani\" \/>\n<meta property=\"article:published_time\" content=\"2019-10-10T16:54:12+00:00\" \/>\n<meta property=\"og:image\" content=\"https:\/\/www.spasciani.com\/wp-content\/uploads\/2019\/10\/Schermata-2019-09-25-alle-17.41.38.png\" \/>\n\t<meta property=\"og:image:width\" content=\"452\" \/>\n\t<meta property=\"og:image:height\" content=\"170\" \/>\n\t<meta property=\"og:image:type\" content=\"image\/png\" \/>\n<meta name=\"twitter:card\" content=\"summary_large_image\" \/>\n<meta name=\"twitter:label1\" content=\"\u00c9crit par\" \/>\n\t<meta name=\"twitter:data1\" content=\"\" \/>\n\t<meta name=\"twitter:label2\" content=\"Dur\u00e9e de lecture estim\u00e9e\" \/>\n\t<meta name=\"twitter:data2\" content=\"1 minute\" \/>\n<script type=\"application\/ld+json\" class=\"yoast-schema-graph\">{\"@context\":\"https:\/\/schema.org\",\"@graph\":[{\"@type\":\"WebPage\",\"@id\":\"https:\/\/www.spasciani.com\/fr\/aa-2019-on-se-retrouve-a-dusseldorf\/\",\"url\":\"https:\/\/www.spasciani.com\/fr\/aa-2019-on-se-retrouve-a-dusseldorf\/\",\"name\":\"A+A 2019: on se retrouve \u00e0 D\u00fcsseldorf! - Spasciani\",\"isPartOf\":{\"@id\":\"https:\/\/www.spasciani.com\/fr\/#website\"},\"primaryImageOfPage\":{\"@id\":\"https:\/\/www.spasciani.com\/fr\/aa-2019-on-se-retrouve-a-dusseldorf\/#primaryimage\"},\"image\":{\"@id\":\"https:\/\/www.spasciani.com\/fr\/aa-2019-on-se-retrouve-a-dusseldorf\/#primaryimage\"},\"thumbnailUrl\":\"https:\/\/www.spasciani.com\/wp-content\/uploads\/2019\/10\/Schermata-2019-09-25-alle-17.41.38.png\",\"datePublished\":\"2019-10-10T16:54:12+00:00\",\"author\":{\"@id\":\"\"},\"breadcrumb\":{\"@id\":\"https:\/\/www.spasciani.com\/fr\/aa-2019-on-se-retrouve-a-dusseldorf\/#breadcrumb\"},\"inLanguage\":\"fr-FR\",\"potentialAction\":[{\"@type\":\"ReadAction\",\"target\":[\"https:\/\/www.spasciani.com\/fr\/aa-2019-on-se-retrouve-a-dusseldorf\/\"]}]},{\"@type\":\"ImageObject\",\"inLanguage\":\"fr-FR\",\"@id\":\"https:\/\/www.spasciani.com\/fr\/aa-2019-on-se-retrouve-a-dusseldorf\/#primaryimage\",\"url\":\"https:\/\/www.spasciani.com\/wp-content\/uploads\/2019\/10\/Schermata-2019-09-25-alle-17.41.38.png\",\"contentUrl\":\"https:\/\/www.spasciani.com\/wp-content\/uploads\/2019\/10\/Schermata-2019-09-25-alle-17.41.38.png\",\"width\":452,\"height\":170},{\"@type\":\"BreadcrumbList\",\"@id\":\"https:\/\/www.spasciani.com\/fr\/aa-2019-on-se-retrouve-a-dusseldorf\/#breadcrumb\",\"itemListElement\":[{\"@type\":\"ListItem\",\"position\":1,\"name\":\"Home\",\"item\":\"https:\/\/www.spasciani.com\/fr\/\"},{\"@type\":\"ListItem\",\"position\":2,\"name\":\"A+A 2019: on se retrouve \u00e0 D\u00fcsseldorf!\"}]},{\"@type\":\"WebSite\",\"@id\":\"https:\/\/www.spasciani.com\/fr\/#website\",\"url\":\"https:\/\/www.spasciani.com\/fr\/\",\"name\":\"Spasciani\",\"description\":\"\",\"potentialAction\":[{\"@type\":\"SearchAction\",\"target\":{\"@type\":\"EntryPoint\",\"urlTemplate\":\"https:\/\/www.spasciani.com\/fr\/?s={search_term_string}\"},\"query-input\":{\"@type\":\"PropertyValueSpecification\",\"valueRequired\":true,\"valueName\":\"search_term_string\"}}],\"inLanguage\":\"fr-FR\"},{\"@type\":\"Person\",\"@id\":\"\"}]}<\/script>\n<!-- \/ Yoast SEO plugin. -->","yoast_head_json":{"title":"A+A 2019: on se retrouve \u00e0 D\u00fcsseldorf! - Spasciani","robots":{"index":"index","follow":"follow","max-snippet":"max-snippet:-1","max-image-preview":"max-image-preview:large","max-video-preview":"max-video-preview:-1"},"canonical":"https:\/\/www.spasciani.com\/fr\/aa-2019-on-se-retrouve-a-dusseldorf\/","og_locale":"fr_FR","og_type":"article","og_title":"A+A 2019: on se retrouve \u00e0 D\u00fcsseldorf! - Spasciani","og_description":"Spasciani SpA sera pr\u00e9sent comme \u00e0 chaque \u00e9ditions au Salon International de D\u00fcsseldorf A+A. Cet ann\u00e9e il y aura une grande nouveaut\u00e9\u00a0: la soci\u00e9t\u00e9 NUEVA SIBOL, qui a rejoint le Groupe en juin dernier, sera pour la premi\u00e8re fois \u00e0 nos c\u00f4t\u00e9. Depuis plusieurs ann\u00e9es, A+A est le salon le plus important \u00e0 se concentrer [&hellip;]","og_url":"https:\/\/www.spasciani.com\/fr\/aa-2019-on-se-retrouve-a-dusseldorf\/","og_site_name":"Spasciani","article_published_time":"2019-10-10T16:54:12+00:00","og_image":[{"width":452,"height":170,"url":"https:\/\/www.spasciani.com\/wp-content\/uploads\/2019\/10\/Schermata-2019-09-25-alle-17.41.38.png","type":"image\/png"}],"twitter_card":"summary_large_image","twitter_misc":{"\u00c9crit par":"","Dur\u00e9e de lecture estim\u00e9e":"1 minute"},"schema":{"@context":"https:\/\/schema.org","@graph":[{"@type":"WebPage","@id":"https:\/\/www.spasciani.com\/fr\/aa-2019-on-se-retrouve-a-dusseldorf\/","url":"https:\/\/www.spasciani.com\/fr\/aa-2019-on-se-retrouve-a-dusseldorf\/","name":"A+A 2019: on se retrouve \u00e0 D\u00fcsseldorf! - Spasciani","isPartOf":{"@id":"https:\/\/www.spasciani.com\/fr\/#website"},"primaryImageOfPage":{"@id":"https:\/\/www.spasciani.com\/fr\/aa-2019-on-se-retrouve-a-dusseldorf\/#primaryimage"},"image":{"@id":"https:\/\/www.spasciani.com\/fr\/aa-2019-on-se-retrouve-a-dusseldorf\/#primaryimage"},"thumbnailUrl":"https:\/\/www.spasciani.com\/wp-content\/uploads\/2019\/10\/Schermata-2019-09-25-alle-17.41.38.png","datePublished":"2019-10-10T16:54:12+00:00","author":{"@id":""},"breadcrumb":{"@id":"https:\/\/www.spasciani.com\/fr\/aa-2019-on-se-retrouve-a-dusseldorf\/#breadcrumb"},"inLanguage":"fr-FR","potentialAction":[{"@type":"ReadAction","target":["https:\/\/www.spasciani.com\/fr\/aa-2019-on-se-retrouve-a-dusseldorf\/"]}]},{"@type":"ImageObject","inLanguage":"fr-FR","@id":"https:\/\/www.spasciani.com\/fr\/aa-2019-on-se-retrouve-a-dusseldorf\/#primaryimage","url":"https:\/\/www.spasciani.com\/wp-content\/uploads\/2019\/10\/Schermata-2019-09-25-alle-17.41.38.png","contentUrl":"https:\/\/www.spasciani.com\/wp-content\/uploads\/2019\/10\/Schermata-2019-09-25-alle-17.41.38.png","width":452,"height":170},{"@type":"BreadcrumbList","@id":"https:\/\/www.spasciani.com\/fr\/aa-2019-on-se-retrouve-a-dusseldorf\/#breadcrumb","itemListElement":[{"@type":"ListItem","position":1,"name":"Home","item":"https:\/\/www.spasciani.com\/fr\/"},{"@type":"ListItem","position":2,"name":"A+A 2019: on se retrouve \u00e0 D\u00fcsseldorf!"}]},{"@type":"WebSite","@id":"https:\/\/www.spasciani.com\/fr\/#website","url":"https:\/\/www.spasciani.com\/fr\/","name":"Spasciani","description":"","potentialAction":[{"@type":"SearchAction","target":{"@type":"EntryPoint","urlTemplate":"https:\/\/www.spasciani.com\/fr\/?s={search_term_string}"},"query-input":{"@type":"PropertyValueSpecification","valueRequired":true,"valueName":"search_term_string"}}],"inLanguage":"fr-FR"},{"@type":"Person","@id":""}]}},"_links":{"self":[{"href":"https:\/\/www.spasciani.com\/fr\/wp-json\/wp\/v2\/posts\/6632","targetHints":{"allow":["GET"]}}],"collection":[{"href":"https:\/\/www.spasciani.com\/fr\/wp-json\/wp\/v2\/posts"}],"about":[{"href":"https:\/\/www.spasciani.com\/fr\/wp-json\/wp\/v2\/types\/post"}],"author":[{"embeddable":true,"href":"https:\/\/www.spasciani.com\/fr\/wp-json\/wp\/v2\/users\/8934"}],"replies":[{"embeddable":true,"href":"https:\/\/www.spasciani.com\/fr\/wp-json\/wp\/v2\/comments?post=6632"}],"version-history":[{"count":1,"href":"https:\/\/www.spasciani.com\/fr\/wp-json\/wp\/v2\/posts\/6632\/revisions"}],"predecessor-version":[{"id":6633,"href":"https:\/\/www.spasciani.com\/fr\/wp-json\/wp\/v2\/posts\/6632\/revisions\/6633"}],"wp:featuredmedia":[{"embeddable":true,"href":"https:\/\/www.spasciani.com\/fr\/wp-json\/wp\/v2\/media\/6625"}],"wp:attachment":[{"href":"https:\/\/www.spasciani.com\/fr\/wp-json\/wp\/v2\/media?parent=6632"}],"wp:term":[{"taxonomy":"post_tag","embeddable":true,"href":"https:\/\/www.spasciani.com\/fr\/wp-json\/wp\/v2\/tags?post=6632"}],"curies":[{"name":"wp","href":"https:\/\/api.w.org\/{rel}","templated":true}]}}