{"id":5892,"date":"2018-10-03T18:02:29","date_gmt":"2018-10-03T16:02:29","guid":{"rendered":"http:\/\/spasciani.com\/?p=5892\/"},"modified":"2018-10-15T18:00:52","modified_gmt":"2018-10-15T16:00:52","slug":"expo-protection-2018","status":"publish","type":"post","link":"https:\/\/www.spasciani.com\/fr\/expo-protection-2018\/","title":{"rendered":"Expo Protection 2018"},"content":{"rendered":"<h2><img decoding=\"async\" src=\"https:\/\/www.spasciani.com\/wp-content\/uploads\/2018\/10\/EXPO-Protection-2018-header.png\" \/><\/h2>\n<h2>Spasciani sera pr\u00e9sent \u00e0 l&rsquo;EXPO Protection 2018, l&rsquo;\u00e9v\u00e9nement international sur la pr\u00e9vention et la gestion des risques qui se tiendra \u00e0 Paris du 6 au 8 novembre 2018.<\/h2>\n<p>Il s&rsquo;agit d&rsquo;une offre unique dans le domaine de la pr\u00e9vention et de la s\u00e9curit\u00e9 au travail, qui r\u00e9unit les meilleurs sp\u00e9cialistes internationaux, les \u00e9quipements et les solutions les plus innovants en mati\u00e8re de pr\u00e9vention et de gestion des risques.<\/p>\n<p>Expo Protection 2018 est l\u2019une des trois principales expositions en Europe en mati\u00e8re de pr\u00e9vention et de gestion des risques qui vous permettra de discuter et de discuter des derni\u00e8res technologies en mati\u00e8re de s\u00e9curit\u00e9 au travail, de mesures de pr\u00e9vention des incendies, de risques technologiques et environnementaux pendant 3 jours, merci. en pr\u00e9sence de plus de 300 exposants et dans les espaces de conf\u00e9rence et de r\u00e9union disponibles.<\/p>\n<p><a href=\"https:\/\/badge.expoprotection.com\/en\/visiteur\/coordonnees.htm\">Obtenez votre badge gratuit pour participer \u00e0 Expo Potection!<\/a><\/p>\n<h3>Venez nous rendre visite sur le stand K34 dans le hall 1 \u00e0 Paris Porte de Versailles.<\/h3>\n","protected":false},"excerpt":{"rendered":"<p>Spasciani sera pr\u00e9sent \u00e0 l&rsquo;EXPO Protection 2018, l&rsquo;\u00e9v\u00e9nement international sur la pr\u00e9vention et la gestion des risques qui se tiendra \u00e0 Paris du 6 au 8 novembre 2018. Il s&rsquo;agit d&rsquo;une offre unique dans le domaine de la pr\u00e9vention et de la s\u00e9curit\u00e9 au travail, qui r\u00e9unit les meilleurs sp\u00e9cialistes internationaux, les \u00e9quipements et les [&hellip;]<\/p>\n","protected":false},"author":3776,"featured_media":5920,"comment_status":"closed","ping_status":"closed","sticky":false,"template":"","format":"standard","meta":{"footnotes":""},"tags":[],"class_list":["post-5892","post","type-post","status-publish","format-standard","has-post-thumbnail","hentry"],"acf":[],"yoast_head":"<!-- This site is optimized with the Yoast SEO plugin v25.3.1 - https:\/\/yoast.com\/wordpress\/plugins\/seo\/ -->\n<title>Expo Protection 2018 - Spasciani<\/title>\n<meta name=\"robots\" content=\"index, follow, max-snippet:-1, max-image-preview:large, max-video-preview:-1\" \/>\n<link rel=\"canonical\" href=\"https:\/\/www.spasciani.com\/fr\/expo-protection-2018\/\" \/>\n<meta property=\"og:locale\" content=\"fr_FR\" \/>\n<meta property=\"og:type\" content=\"article\" \/>\n<meta property=\"og:title\" content=\"Expo Protection 2018 - Spasciani\" \/>\n<meta property=\"og:description\" content=\"Spasciani sera pr\u00e9sent \u00e0 l&rsquo;EXPO Protection 2018, l&rsquo;\u00e9v\u00e9nement international sur la pr\u00e9vention et la gestion des risques qui se tiendra \u00e0 Paris du 6 au 8 novembre 2018. Il s&rsquo;agit d&rsquo;une offre unique dans le domaine de la pr\u00e9vention et de la s\u00e9curit\u00e9 au travail, qui r\u00e9unit les meilleurs sp\u00e9cialistes internationaux, les \u00e9quipements et les [&hellip;]\" \/>\n<meta property=\"og:url\" content=\"https:\/\/www.spasciani.com\/fr\/expo-protection-2018\/\" \/>\n<meta property=\"og:site_name\" content=\"Spasciani\" \/>\n<meta property=\"article:published_time\" content=\"2018-10-03T16:02:29+00:00\" \/>\n<meta property=\"article:modified_time\" content=\"2018-10-15T16:00:52+00:00\" \/>\n<meta property=\"og:image\" content=\"https:\/\/www.spasciani.com\/wp-content\/uploads\/2018\/10\/Expo-Protection-Novembre-2018-Paris-Port-de-Versalle-SPASCIANI-Copertina-fr.jpg\" \/>\n\t<meta property=\"og:image:width\" content=\"360\" \/>\n\t<meta property=\"og:image:height\" content=\"200\" \/>\n\t<meta property=\"og:image:type\" content=\"image\/jpeg\" \/>\n<meta name=\"author\" content=\"Elena Spasciani\" \/>\n<meta name=\"twitter:card\" content=\"summary_large_image\" \/>\n<meta name=\"twitter:label1\" content=\"\u00c9crit par\" \/>\n\t<meta name=\"twitter:data1\" content=\"Elena Spasciani\" \/>\n\t<meta name=\"twitter:label2\" content=\"Dur\u00e9e de lecture estim\u00e9e\" \/>\n\t<meta name=\"twitter:data2\" content=\"1 minute\" \/>\n<script type=\"application\/ld+json\" class=\"yoast-schema-graph\">{\"@context\":\"https:\/\/schema.org\",\"@graph\":[{\"@type\":\"WebPage\",\"@id\":\"https:\/\/www.spasciani.com\/fr\/expo-protection-2018\/\",\"url\":\"https:\/\/www.spasciani.com\/fr\/expo-protection-2018\/\",\"name\":\"Expo Protection 2018 - Spasciani\",\"isPartOf\":{\"@id\":\"https:\/\/www.spasciani.com\/fr\/#website\"},\"primaryImageOfPage\":{\"@id\":\"https:\/\/www.spasciani.com\/fr\/expo-protection-2018\/#primaryimage\"},\"image\":{\"@id\":\"https:\/\/www.spasciani.com\/fr\/expo-protection-2018\/#primaryimage\"},\"thumbnailUrl\":\"https:\/\/www.spasciani.com\/wp-content\/uploads\/2018\/10\/Expo-Protection-Novembre-2018-Paris-Port-de-Versalle-SPASCIANI-Copertina-fr.jpg\",\"datePublished\":\"2018-10-03T16:02:29+00:00\",\"dateModified\":\"2018-10-15T16:00:52+00:00\",\"author\":{\"@id\":\"https:\/\/www.spasciani.com\/fr\/#\/schema\/person\/50554ca4469c0569fb6ac557abea9843\"},\"breadcrumb\":{\"@id\":\"https:\/\/www.spasciani.com\/fr\/expo-protection-2018\/#breadcrumb\"},\"inLanguage\":\"fr-FR\",\"potentialAction\":[{\"@type\":\"ReadAction\",\"target\":[\"https:\/\/www.spasciani.com\/fr\/expo-protection-2018\/\"]}]},{\"@type\":\"ImageObject\",\"inLanguage\":\"fr-FR\",\"@id\":\"https:\/\/www.spasciani.com\/fr\/expo-protection-2018\/#primaryimage\",\"url\":\"https:\/\/www.spasciani.com\/wp-content\/uploads\/2018\/10\/Expo-Protection-Novembre-2018-Paris-Port-de-Versalle-SPASCIANI-Copertina-fr.jpg\",\"contentUrl\":\"https:\/\/www.spasciani.com\/wp-content\/uploads\/2018\/10\/Expo-Protection-Novembre-2018-Paris-Port-de-Versalle-SPASCIANI-Copertina-fr.jpg\",\"width\":360,\"height\":200},{\"@type\":\"BreadcrumbList\",\"@id\":\"https:\/\/www.spasciani.com\/fr\/expo-protection-2018\/#breadcrumb\",\"itemListElement\":[{\"@type\":\"ListItem\",\"position\":1,\"name\":\"Home\",\"item\":\"https:\/\/www.spasciani.com\/fr\/\"},{\"@type\":\"ListItem\",\"position\":2,\"name\":\"Expo Protection 2018\"}]},{\"@type\":\"WebSite\",\"@id\":\"https:\/\/www.spasciani.com\/fr\/#website\",\"url\":\"https:\/\/www.spasciani.com\/fr\/\",\"name\":\"Spasciani\",\"description\":\"\",\"potentialAction\":[{\"@type\":\"SearchAction\",\"target\":{\"@type\":\"EntryPoint\",\"urlTemplate\":\"https:\/\/www.spasciani.com\/fr\/?s={search_term_string}\"},\"query-input\":{\"@type\":\"PropertyValueSpecification\",\"valueRequired\":true,\"valueName\":\"search_term_string\"}}],\"inLanguage\":\"fr-FR\"},{\"@type\":\"Person\",\"@id\":\"https:\/\/www.spasciani.com\/fr\/#\/schema\/person\/50554ca4469c0569fb6ac557abea9843\",\"name\":\"Elena Spasciani\",\"image\":{\"@type\":\"ImageObject\",\"inLanguage\":\"fr-FR\",\"@id\":\"https:\/\/www.spasciani.com\/fr\/#\/schema\/person\/image\/\",\"url\":\"https:\/\/secure.gravatar.com\/avatar\/67c68964040235c7e399a0b404c8d69d073fb95b3780d978394b73ecc8b224ba?s=96&d=mm&r=g\",\"contentUrl\":\"https:\/\/secure.gravatar.com\/avatar\/67c68964040235c7e399a0b404c8d69d073fb95b3780d978394b73ecc8b224ba?s=96&d=mm&r=g\",\"caption\":\"Elena Spasciani\"}}]}<\/script>\n<!-- \/ Yoast SEO plugin. -->","yoast_head_json":{"title":"Expo Protection 2018 - Spasciani","robots":{"index":"index","follow":"follow","max-snippet":"max-snippet:-1","max-image-preview":"max-image-preview:large","max-video-preview":"max-video-preview:-1"},"canonical":"https:\/\/www.spasciani.com\/fr\/expo-protection-2018\/","og_locale":"fr_FR","og_type":"article","og_title":"Expo Protection 2018 - Spasciani","og_description":"Spasciani sera pr\u00e9sent \u00e0 l&rsquo;EXPO Protection 2018, l&rsquo;\u00e9v\u00e9nement international sur la pr\u00e9vention et la gestion des risques qui se tiendra \u00e0 Paris du 6 au 8 novembre 2018. Il s&rsquo;agit d&rsquo;une offre unique dans le domaine de la pr\u00e9vention et de la s\u00e9curit\u00e9 au travail, qui r\u00e9unit les meilleurs sp\u00e9cialistes internationaux, les \u00e9quipements et les [&hellip;]","og_url":"https:\/\/www.spasciani.com\/fr\/expo-protection-2018\/","og_site_name":"Spasciani","article_published_time":"2018-10-03T16:02:29+00:00","article_modified_time":"2018-10-15T16:00:52+00:00","og_image":[{"width":360,"height":200,"url":"https:\/\/www.spasciani.com\/wp-content\/uploads\/2018\/10\/Expo-Protection-Novembre-2018-Paris-Port-de-Versalle-SPASCIANI-Copertina-fr.jpg","type":"image\/jpeg"}],"author":"Elena Spasciani","twitter_card":"summary_large_image","twitter_misc":{"\u00c9crit par":"Elena Spasciani","Dur\u00e9e de lecture estim\u00e9e":"1 minute"},"schema":{"@context":"https:\/\/schema.org","@graph":[{"@type":"WebPage","@id":"https:\/\/www.spasciani.com\/fr\/expo-protection-2018\/","url":"https:\/\/www.spasciani.com\/fr\/expo-protection-2018\/","name":"Expo Protection 2018 - Spasciani","isPartOf":{"@id":"https:\/\/www.spasciani.com\/fr\/#website"},"primaryImageOfPage":{"@id":"https:\/\/www.spasciani.com\/fr\/expo-protection-2018\/#primaryimage"},"image":{"@id":"https:\/\/www.spasciani.com\/fr\/expo-protection-2018\/#primaryimage"},"thumbnailUrl":"https:\/\/www.spasciani.com\/wp-content\/uploads\/2018\/10\/Expo-Protection-Novembre-2018-Paris-Port-de-Versalle-SPASCIANI-Copertina-fr.jpg","datePublished":"2018-10-03T16:02:29+00:00","dateModified":"2018-10-15T16:00:52+00:00","author":{"@id":"https:\/\/www.spasciani.com\/fr\/#\/schema\/person\/50554ca4469c0569fb6ac557abea9843"},"breadcrumb":{"@id":"https:\/\/www.spasciani.com\/fr\/expo-protection-2018\/#breadcrumb"},"inLanguage":"fr-FR","potentialAction":[{"@type":"ReadAction","target":["https:\/\/www.spasciani.com\/fr\/expo-protection-2018\/"]}]},{"@type":"ImageObject","inLanguage":"fr-FR","@id":"https:\/\/www.spasciani.com\/fr\/expo-protection-2018\/#primaryimage","url":"https:\/\/www.spasciani.com\/wp-content\/uploads\/2018\/10\/Expo-Protection-Novembre-2018-Paris-Port-de-Versalle-SPASCIANI-Copertina-fr.jpg","contentUrl":"https:\/\/www.spasciani.com\/wp-content\/uploads\/2018\/10\/Expo-Protection-Novembre-2018-Paris-Port-de-Versalle-SPASCIANI-Copertina-fr.jpg","width":360,"height":200},{"@type":"BreadcrumbList","@id":"https:\/\/www.spasciani.com\/fr\/expo-protection-2018\/#breadcrumb","itemListElement":[{"@type":"ListItem","position":1,"name":"Home","item":"https:\/\/www.spasciani.com\/fr\/"},{"@type":"ListItem","position":2,"name":"Expo Protection 2018"}]},{"@type":"WebSite","@id":"https:\/\/www.spasciani.com\/fr\/#website","url":"https:\/\/www.spasciani.com\/fr\/","name":"Spasciani","description":"","potentialAction":[{"@type":"SearchAction","target":{"@type":"EntryPoint","urlTemplate":"https:\/\/www.spasciani.com\/fr\/?s={search_term_string}"},"query-input":{"@type":"PropertyValueSpecification","valueRequired":true,"valueName":"search_term_string"}}],"inLanguage":"fr-FR"},{"@type":"Person","@id":"https:\/\/www.spasciani.com\/fr\/#\/schema\/person\/50554ca4469c0569fb6ac557abea9843","name":"Elena Spasciani","image":{"@type":"ImageObject","inLanguage":"fr-FR","@id":"https:\/\/www.spasciani.com\/fr\/#\/schema\/person\/image\/","url":"https:\/\/secure.gravatar.com\/avatar\/67c68964040235c7e399a0b404c8d69d073fb95b3780d978394b73ecc8b224ba?s=96&d=mm&r=g","contentUrl":"https:\/\/secure.gravatar.com\/avatar\/67c68964040235c7e399a0b404c8d69d073fb95b3780d978394b73ecc8b224ba?s=96&d=mm&r=g","caption":"Elena Spasciani"}}]}},"_links":{"self":[{"href":"https:\/\/www.spasciani.com\/fr\/wp-json\/wp\/v2\/posts\/5892","targetHints":{"allow":["GET"]}}],"collection":[{"href":"https:\/\/www.spasciani.com\/fr\/wp-json\/wp\/v2\/posts"}],"about":[{"href":"https:\/\/www.spasciani.com\/fr\/wp-json\/wp\/v2\/types\/post"}],"author":[{"embeddable":true,"href":"https:\/\/www.spasciani.com\/fr\/wp-json\/wp\/v2\/users\/3776"}],"replies":[{"embeddable":true,"href":"https:\/\/www.spasciani.com\/fr\/wp-json\/wp\/v2\/comments?post=5892"}],"version-history":[{"count":2,"href":"https:\/\/www.spasciani.com\/fr\/wp-json\/wp\/v2\/posts\/5892\/revisions"}],"predecessor-version":[{"id":5912,"href":"https:\/\/www.spasciani.com\/fr\/wp-json\/wp\/v2\/posts\/5892\/revisions\/5912"}],"wp:featuredmedia":[{"embeddable":true,"href":"https:\/\/www.spasciani.com\/fr\/wp-json\/wp\/v2\/media\/5920"}],"wp:attachment":[{"href":"https:\/\/www.spasciani.com\/fr\/wp-json\/wp\/v2\/media?parent=5892"}],"wp:term":[{"taxonomy":"post_tag","embeddable":true,"href":"https:\/\/www.spasciani.com\/fr\/wp-json\/wp\/v2\/tags?post=5892"}],"curies":[{"name":"wp","href":"https:\/\/api.w.org\/{rel}","templated":true}]}}