{"id":26671,"date":"2024-12-27T11:20:05","date_gmt":"2024-12-27T10:20:05","guid":{"rendered":"https:\/\/www.spasciani.com\/?p=26671"},"modified":"2024-12-27T11:20:05","modified_gmt":"2024-12-27T10:20:05","slug":"fermeture-pour-les-fetes-de-noel","status":"publish","type":"post","link":"https:\/\/www.spasciani.com\/fr\/fermeture-pour-les-fetes-de-noel\/","title":{"rendered":"Fermeture pour les f\u00eates de No\u00ebl"},"content":{"rendered":"<p>Ce qui arrive \u00e0 la fin a \u00e9t\u00e9 une ann\u00e9e difficile mais riche en nouveaut\u00e9s et gratifications.<\/p>\n<p>Nous prenons quelques jours de repos bien m\u00e9rit\u00e9s.<\/p>\n<p>Nos bureaux seront ferm\u00e9s du 21\/12 au 6\/1\/2025.<\/p>\n<p>\u00c0 bient\u00f4t !<\/p>\n<p data-pm-slice=\"1 1 []\"><img loading=\"lazy\" decoding=\"async\" class=\"alignnone wp-image-26622 size-full\" src=\"https:\/\/www.spasciani.com\/wp-content\/uploads\/2024\/12\/spasciani_Natale-2025_Mailchimp_500x120_09.png\" alt=\"\" width=\"500\" height=\"120\" srcset=\"https:\/\/www.spasciani.com\/wp-content\/uploads\/2024\/12\/spasciani_Natale-2025_Mailchimp_500x120_09.png 500w, https:\/\/www.spasciani.com\/wp-content\/uploads\/2024\/12\/spasciani_Natale-2025_Mailchimp_500x120_09-300x72.png 300w\" sizes=\"auto, (max-width: 500px) 100vw, 500px\" \/><\/p>\n","protected":false},"excerpt":{"rendered":"<p>Ce qui arrive \u00e0 la fin a \u00e9t\u00e9 une ann\u00e9e difficile mais riche en nouveaut\u00e9s et gratifications. Nous prenons quelques jours de repos bien m\u00e9rit\u00e9s. Nos bureaux seront ferm\u00e9s du 21\/12 au 6\/1\/2025. \u00c0 bient\u00f4t !<\/p>\n","protected":false},"author":3883,"featured_media":26662,"comment_status":"closed","ping_status":"closed","sticky":false,"template":"","format":"standard","meta":{"footnotes":""},"tags":[],"class_list":["post-26671","post","type-post","status-publish","format-standard","has-post-thumbnail","hentry"],"acf":[],"yoast_head":"<!-- This site is optimized with the Yoast SEO plugin v25.3.1 - https:\/\/yoast.com\/wordpress\/plugins\/seo\/ -->\n<title>Fermeture pour les f\u00eates de No\u00ebl - Spasciani<\/title>\n<meta name=\"robots\" content=\"index, follow, max-snippet:-1, max-image-preview:large, max-video-preview:-1\" \/>\n<link rel=\"canonical\" href=\"https:\/\/www.spasciani.com\/fr\/fermeture-pour-les-fetes-de-noel\/\" \/>\n<meta property=\"og:locale\" content=\"fr_FR\" \/>\n<meta property=\"og:type\" content=\"article\" \/>\n<meta property=\"og:title\" content=\"Fermeture pour les f\u00eates de No\u00ebl - Spasciani\" \/>\n<meta property=\"og:description\" content=\"Ce qui arrive \u00e0 la fin a \u00e9t\u00e9 une ann\u00e9e difficile mais riche en nouveaut\u00e9s et gratifications. Nous prenons quelques jours de repos bien m\u00e9rit\u00e9s. Nos bureaux seront ferm\u00e9s du 21\/12 au 6\/1\/2025. \u00c0 bient\u00f4t !\" \/>\n<meta property=\"og:url\" content=\"https:\/\/www.spasciani.com\/fr\/fermeture-pour-les-fetes-de-noel\/\" \/>\n<meta property=\"og:site_name\" content=\"Spasciani\" \/>\n<meta property=\"article:published_time\" content=\"2024-12-27T10:20:05+00:00\" \/>\n<meta property=\"og:image\" content=\"https:\/\/www.spasciani.com\/wp-content\/uploads\/2024\/12\/spasciani_500x500_01.png\" \/>\n\t<meta property=\"og:image:width\" content=\"500\" \/>\n\t<meta property=\"og:image:height\" content=\"500\" \/>\n\t<meta property=\"og:image:type\" content=\"image\/png\" \/>\n<meta name=\"author\" content=\"Marketing\" \/>\n<meta name=\"twitter:card\" content=\"summary_large_image\" \/>\n<meta name=\"twitter:label1\" content=\"\u00c9crit par\" \/>\n\t<meta name=\"twitter:data1\" content=\"Marketing\" \/>\n\t<meta name=\"twitter:label2\" content=\"Dur\u00e9e de lecture estim\u00e9e\" \/>\n\t<meta name=\"twitter:data2\" content=\"1 minute\" \/>\n<script type=\"application\/ld+json\" class=\"yoast-schema-graph\">{\"@context\":\"https:\/\/schema.org\",\"@graph\":[{\"@type\":\"WebPage\",\"@id\":\"https:\/\/www.spasciani.com\/fr\/fermeture-pour-les-fetes-de-noel\/\",\"url\":\"https:\/\/www.spasciani.com\/fr\/fermeture-pour-les-fetes-de-noel\/\",\"name\":\"Fermeture pour les f\u00eates de No\u00ebl - Spasciani\",\"isPartOf\":{\"@id\":\"https:\/\/www.spasciani.com\/fr\/#website\"},\"primaryImageOfPage\":{\"@id\":\"https:\/\/www.spasciani.com\/fr\/fermeture-pour-les-fetes-de-noel\/#primaryimage\"},\"image\":{\"@id\":\"https:\/\/www.spasciani.com\/fr\/fermeture-pour-les-fetes-de-noel\/#primaryimage\"},\"thumbnailUrl\":\"https:\/\/www.spasciani.com\/wp-content\/uploads\/2024\/12\/spasciani_500x500_01.png\",\"datePublished\":\"2024-12-27T10:20:05+00:00\",\"author\":{\"@id\":\"https:\/\/www.spasciani.com\/fr\/#\/schema\/person\/7054ebc120927116ad0436b897ab77c1\"},\"breadcrumb\":{\"@id\":\"https:\/\/www.spasciani.com\/fr\/fermeture-pour-les-fetes-de-noel\/#breadcrumb\"},\"inLanguage\":\"fr-FR\",\"potentialAction\":[{\"@type\":\"ReadAction\",\"target\":[\"https:\/\/www.spasciani.com\/fr\/fermeture-pour-les-fetes-de-noel\/\"]}]},{\"@type\":\"ImageObject\",\"inLanguage\":\"fr-FR\",\"@id\":\"https:\/\/www.spasciani.com\/fr\/fermeture-pour-les-fetes-de-noel\/#primaryimage\",\"url\":\"https:\/\/www.spasciani.com\/wp-content\/uploads\/2024\/12\/spasciani_500x500_01.png\",\"contentUrl\":\"https:\/\/www.spasciani.com\/wp-content\/uploads\/2024\/12\/spasciani_500x500_01.png\",\"width\":500,\"height\":500},{\"@type\":\"BreadcrumbList\",\"@id\":\"https:\/\/www.spasciani.com\/fr\/fermeture-pour-les-fetes-de-noel\/#breadcrumb\",\"itemListElement\":[{\"@type\":\"ListItem\",\"position\":1,\"name\":\"Home\",\"item\":\"https:\/\/www.spasciani.com\/fr\/\"},{\"@type\":\"ListItem\",\"position\":2,\"name\":\"Fermeture pour les f\u00eates de No\u00ebl\"}]},{\"@type\":\"WebSite\",\"@id\":\"https:\/\/www.spasciani.com\/fr\/#website\",\"url\":\"https:\/\/www.spasciani.com\/fr\/\",\"name\":\"Spasciani\",\"description\":\"\",\"potentialAction\":[{\"@type\":\"SearchAction\",\"target\":{\"@type\":\"EntryPoint\",\"urlTemplate\":\"https:\/\/www.spasciani.com\/fr\/?s={search_term_string}\"},\"query-input\":{\"@type\":\"PropertyValueSpecification\",\"valueRequired\":true,\"valueName\":\"search_term_string\"}}],\"inLanguage\":\"fr-FR\"},{\"@type\":\"Person\",\"@id\":\"https:\/\/www.spasciani.com\/fr\/#\/schema\/person\/7054ebc120927116ad0436b897ab77c1\",\"name\":\"Marketing\",\"image\":{\"@type\":\"ImageObject\",\"inLanguage\":\"fr-FR\",\"@id\":\"https:\/\/www.spasciani.com\/fr\/#\/schema\/person\/image\/\",\"url\":\"https:\/\/secure.gravatar.com\/avatar\/0af8eb4afbb1aa29e6f29a88c61b370016cb2d3c84991bc603ebcc9665950226?s=96&d=mm&r=g\",\"contentUrl\":\"https:\/\/secure.gravatar.com\/avatar\/0af8eb4afbb1aa29e6f29a88c61b370016cb2d3c84991bc603ebcc9665950226?s=96&d=mm&r=g\",\"caption\":\"Marketing\"}}]}<\/script>\n<!-- \/ Yoast SEO plugin. -->","yoast_head_json":{"title":"Fermeture pour les f\u00eates de No\u00ebl - Spasciani","robots":{"index":"index","follow":"follow","max-snippet":"max-snippet:-1","max-image-preview":"max-image-preview:large","max-video-preview":"max-video-preview:-1"},"canonical":"https:\/\/www.spasciani.com\/fr\/fermeture-pour-les-fetes-de-noel\/","og_locale":"fr_FR","og_type":"article","og_title":"Fermeture pour les f\u00eates de No\u00ebl - Spasciani","og_description":"Ce qui arrive \u00e0 la fin a \u00e9t\u00e9 une ann\u00e9e difficile mais riche en nouveaut\u00e9s et gratifications. Nous prenons quelques jours de repos bien m\u00e9rit\u00e9s. Nos bureaux seront ferm\u00e9s du 21\/12 au 6\/1\/2025. \u00c0 bient\u00f4t !","og_url":"https:\/\/www.spasciani.com\/fr\/fermeture-pour-les-fetes-de-noel\/","og_site_name":"Spasciani","article_published_time":"2024-12-27T10:20:05+00:00","og_image":[{"width":500,"height":500,"url":"https:\/\/www.spasciani.com\/wp-content\/uploads\/2024\/12\/spasciani_500x500_01.png","type":"image\/png"}],"author":"Marketing","twitter_card":"summary_large_image","twitter_misc":{"\u00c9crit par":"Marketing","Dur\u00e9e de lecture estim\u00e9e":"1 minute"},"schema":{"@context":"https:\/\/schema.org","@graph":[{"@type":"WebPage","@id":"https:\/\/www.spasciani.com\/fr\/fermeture-pour-les-fetes-de-noel\/","url":"https:\/\/www.spasciani.com\/fr\/fermeture-pour-les-fetes-de-noel\/","name":"Fermeture pour les f\u00eates de No\u00ebl - Spasciani","isPartOf":{"@id":"https:\/\/www.spasciani.com\/fr\/#website"},"primaryImageOfPage":{"@id":"https:\/\/www.spasciani.com\/fr\/fermeture-pour-les-fetes-de-noel\/#primaryimage"},"image":{"@id":"https:\/\/www.spasciani.com\/fr\/fermeture-pour-les-fetes-de-noel\/#primaryimage"},"thumbnailUrl":"https:\/\/www.spasciani.com\/wp-content\/uploads\/2024\/12\/spasciani_500x500_01.png","datePublished":"2024-12-27T10:20:05+00:00","author":{"@id":"https:\/\/www.spasciani.com\/fr\/#\/schema\/person\/7054ebc120927116ad0436b897ab77c1"},"breadcrumb":{"@id":"https:\/\/www.spasciani.com\/fr\/fermeture-pour-les-fetes-de-noel\/#breadcrumb"},"inLanguage":"fr-FR","potentialAction":[{"@type":"ReadAction","target":["https:\/\/www.spasciani.com\/fr\/fermeture-pour-les-fetes-de-noel\/"]}]},{"@type":"ImageObject","inLanguage":"fr-FR","@id":"https:\/\/www.spasciani.com\/fr\/fermeture-pour-les-fetes-de-noel\/#primaryimage","url":"https:\/\/www.spasciani.com\/wp-content\/uploads\/2024\/12\/spasciani_500x500_01.png","contentUrl":"https:\/\/www.spasciani.com\/wp-content\/uploads\/2024\/12\/spasciani_500x500_01.png","width":500,"height":500},{"@type":"BreadcrumbList","@id":"https:\/\/www.spasciani.com\/fr\/fermeture-pour-les-fetes-de-noel\/#breadcrumb","itemListElement":[{"@type":"ListItem","position":1,"name":"Home","item":"https:\/\/www.spasciani.com\/fr\/"},{"@type":"ListItem","position":2,"name":"Fermeture pour les f\u00eates de No\u00ebl"}]},{"@type":"WebSite","@id":"https:\/\/www.spasciani.com\/fr\/#website","url":"https:\/\/www.spasciani.com\/fr\/","name":"Spasciani","description":"","potentialAction":[{"@type":"SearchAction","target":{"@type":"EntryPoint","urlTemplate":"https:\/\/www.spasciani.com\/fr\/?s={search_term_string}"},"query-input":{"@type":"PropertyValueSpecification","valueRequired":true,"valueName":"search_term_string"}}],"inLanguage":"fr-FR"},{"@type":"Person","@id":"https:\/\/www.spasciani.com\/fr\/#\/schema\/person\/7054ebc120927116ad0436b897ab77c1","name":"Marketing","image":{"@type":"ImageObject","inLanguage":"fr-FR","@id":"https:\/\/www.spasciani.com\/fr\/#\/schema\/person\/image\/","url":"https:\/\/secure.gravatar.com\/avatar\/0af8eb4afbb1aa29e6f29a88c61b370016cb2d3c84991bc603ebcc9665950226?s=96&d=mm&r=g","contentUrl":"https:\/\/secure.gravatar.com\/avatar\/0af8eb4afbb1aa29e6f29a88c61b370016cb2d3c84991bc603ebcc9665950226?s=96&d=mm&r=g","caption":"Marketing"}}]}},"_links":{"self":[{"href":"https:\/\/www.spasciani.com\/fr\/wp-json\/wp\/v2\/posts\/26671","targetHints":{"allow":["GET"]}}],"collection":[{"href":"https:\/\/www.spasciani.com\/fr\/wp-json\/wp\/v2\/posts"}],"about":[{"href":"https:\/\/www.spasciani.com\/fr\/wp-json\/wp\/v2\/types\/post"}],"author":[{"embeddable":true,"href":"https:\/\/www.spasciani.com\/fr\/wp-json\/wp\/v2\/users\/3883"}],"replies":[{"embeddable":true,"href":"https:\/\/www.spasciani.com\/fr\/wp-json\/wp\/v2\/comments?post=26671"}],"version-history":[{"count":1,"href":"https:\/\/www.spasciani.com\/fr\/wp-json\/wp\/v2\/posts\/26671\/revisions"}],"predecessor-version":[{"id":26672,"href":"https:\/\/www.spasciani.com\/fr\/wp-json\/wp\/v2\/posts\/26671\/revisions\/26672"}],"wp:featuredmedia":[{"embeddable":true,"href":"https:\/\/www.spasciani.com\/fr\/wp-json\/wp\/v2\/media\/26662"}],"wp:attachment":[{"href":"https:\/\/www.spasciani.com\/fr\/wp-json\/wp\/v2\/media?parent=26671"}],"wp:term":[{"taxonomy":"post_tag","embeddable":true,"href":"https:\/\/www.spasciani.com\/fr\/wp-json\/wp\/v2\/tags?post=26671"}],"curies":[{"name":"wp","href":"https:\/\/api.w.org\/{rel}","templated":true}]}}