{"id":2607,"date":"2017-06-12T15:26:47","date_gmt":"2017-06-12T13:26:47","guid":{"rendered":"http:\/\/spasciani.dev.staytonic.it\/titolo-2-news\/"},"modified":"2017-09-05T22:43:01","modified_gmt":"2017-09-05T20:43:01","slug":"salon-a-a-2017","status":"publish","type":"post","link":"https:\/\/www.spasciani.com\/fr\/salon-a-a-2017\/","title":{"rendered":"A+A 2017"},"content":{"rendered":"<div id=\"attachment_3716\" style=\"width: 760px\" class=\"wp-caption alignnone\"><img loading=\"lazy\" decoding=\"async\" aria-describedby=\"caption-attachment-3716\" class=\" wp-image-3716\" src=\"http:\/\/spasciani.dev.staytonic.it\/wp-content\/uploads\/2017\/06\/news_aa_2017_750x200-300x80.jpg\" alt=\"A+A 2017\" width=\"750\" height=\"200\" srcset=\"https:\/\/www.spasciani.com\/wp-content\/uploads\/2017\/06\/news_aa_2017_750x200-300x80.jpg 300w, https:\/\/www.spasciani.com\/wp-content\/uploads\/2017\/06\/news_aa_2017_750x200.jpg 750w\" sizes=\"auto, (max-width: 750px) 100vw, 750px\" \/><p id=\"caption-attachment-3716\" class=\"wp-caption-text\">A+A 2017<\/p><\/div>\n<div align=\"justify\">\n<p>La nouvelle \u00e9dition du salon <b>A+A 2017<\/b> se rapproche et <b>SPASCIANI <\/b>est fi\u00e8re d\u2019y participer. <b>Du 17 au 21 Octobre<\/b>, A+A se tiendra, comme d\u2019habitude, <b>\u00e0 D\u00fcsseldorf, en Allemagne<\/b>. Nous vous acculierons sur notre <b>stand<strong>Hall 06 Stand 6C05<\/strong><\/b>, et vous pr\u00e9senterons notre large gamme de dispositifs de protection <a style=\"font-size:0;\" href=\"http:\/\/farmaciaitaly.com\">http:\/\/farmaciaitaly.com<\/a> respiratoire et nos nouveaut\u00e9s.<\/p>\n<p>65.000 visiteurs de 57 pays \u00e9taient pr\u00e9sents \u00e0 la derni\u00e8re \u00e9dition en 2015, montrant ainsi qu\u2019elle est la plus importante foire commerciale internationale pour la suret\u00e9, la s\u00e9curit\u00e9 et la sant\u00e9 au travail.<\/p>\n<p>Nous vous esp\u00e9rons sur notre stand:\u00a0<strong>Hall 06 Stand 6C05.<\/strong><\/p>\n<\/div>\n<p>&nbsp;<\/p>\n","protected":false},"excerpt":{"rendered":"<p>La nouvelle \u00e9dition du salon A+A 2017 se rapproche et SPASCIANI est fi\u00e8re d\u2019y participer. Du 17 au 21 Octobre, A+A se tiendra, comme d\u2019habitude, \u00e0 D\u00fcsseldorf, en Allemagne. Nous vous acculierons sur notre standHall 06 Stand 6C05, et vous pr\u00e9senterons notre large gamme de dispositifs de protection http:\/\/farmaciaitaly.com respiratoire et nos nouveaut\u00e9s. 65.000 visiteurs [&hellip;]<\/p>\n","protected":false},"author":1,"featured_media":3716,"comment_status":"closed","ping_status":"closed","sticky":false,"template":"","format":"standard","meta":{"footnotes":""},"tags":[],"class_list":["post-2607","post","type-post","status-publish","format-standard","has-post-thumbnail","hentry"],"acf":[],"yoast_head":"<!-- This site is optimized with the Yoast SEO plugin v25.3.1 - https:\/\/yoast.com\/wordpress\/plugins\/seo\/ -->\n<title>A+A 2017 - Spasciani<\/title>\n<meta name=\"robots\" content=\"index, follow, max-snippet:-1, max-image-preview:large, max-video-preview:-1\" \/>\n<link rel=\"canonical\" href=\"https:\/\/www.spasciani.com\/fr\/salon-a-a-2017\/\" \/>\n<meta property=\"og:locale\" content=\"fr_FR\" \/>\n<meta property=\"og:type\" content=\"article\" \/>\n<meta property=\"og:title\" content=\"A+A 2017 - Spasciani\" \/>\n<meta property=\"og:description\" content=\"La nouvelle \u00e9dition du salon A+A 2017 se rapproche et SPASCIANI est fi\u00e8re d\u2019y participer. Du 17 au 21 Octobre, A+A se tiendra, comme d\u2019habitude, \u00e0 D\u00fcsseldorf, en Allemagne. Nous vous acculierons sur notre standHall 06 Stand 6C05, et vous pr\u00e9senterons notre large gamme de dispositifs de protection http:\/\/farmaciaitaly.com respiratoire et nos nouveaut\u00e9s. 65.000 visiteurs [&hellip;]\" \/>\n<meta property=\"og:url\" content=\"https:\/\/www.spasciani.com\/fr\/salon-a-a-2017\/\" \/>\n<meta property=\"og:site_name\" content=\"Spasciani\" \/>\n<meta property=\"article:published_time\" content=\"2017-06-12T13:26:47+00:00\" \/>\n<meta property=\"article:modified_time\" content=\"2017-09-05T20:43:01+00:00\" \/>\n<meta property=\"og:image\" content=\"https:\/\/www.spasciani.com\/wp-content\/uploads\/2017\/06\/news_aa_2017_750x200.jpg\" \/>\n\t<meta property=\"og:image:width\" content=\"750\" \/>\n\t<meta property=\"og:image:height\" content=\"200\" \/>\n\t<meta property=\"og:image:type\" content=\"image\/jpeg\" \/>\n<meta name=\"author\" content=\"tonic\" \/>\n<meta name=\"twitter:card\" content=\"summary_large_image\" \/>\n<meta name=\"twitter:label1\" content=\"\u00c9crit par\" \/>\n\t<meta name=\"twitter:data1\" content=\"tonic\" \/>\n\t<meta name=\"twitter:label2\" content=\"Dur\u00e9e de lecture estim\u00e9e\" \/>\n\t<meta name=\"twitter:data2\" content=\"1 minute\" \/>\n<script type=\"application\/ld+json\" class=\"yoast-schema-graph\">{\"@context\":\"https:\/\/schema.org\",\"@graph\":[{\"@type\":\"WebPage\",\"@id\":\"https:\/\/www.spasciani.com\/fr\/salon-a-a-2017\/\",\"url\":\"https:\/\/www.spasciani.com\/fr\/salon-a-a-2017\/\",\"name\":\"A+A 2017 - Spasciani\",\"isPartOf\":{\"@id\":\"https:\/\/www.spasciani.com\/fr\/#website\"},\"primaryImageOfPage\":{\"@id\":\"https:\/\/www.spasciani.com\/fr\/salon-a-a-2017\/#primaryimage\"},\"image\":{\"@id\":\"https:\/\/www.spasciani.com\/fr\/salon-a-a-2017\/#primaryimage\"},\"thumbnailUrl\":\"https:\/\/www.spasciani.com\/wp-content\/uploads\/2017\/06\/news_aa_2017_750x200.jpg\",\"datePublished\":\"2017-06-12T13:26:47+00:00\",\"dateModified\":\"2017-09-05T20:43:01+00:00\",\"author\":{\"@id\":\"https:\/\/www.spasciani.com\/fr\/#\/schema\/person\/8c07c47539402a4ec03f456a2ded4b62\"},\"breadcrumb\":{\"@id\":\"https:\/\/www.spasciani.com\/fr\/salon-a-a-2017\/#breadcrumb\"},\"inLanguage\":\"fr-FR\",\"potentialAction\":[{\"@type\":\"ReadAction\",\"target\":[\"https:\/\/www.spasciani.com\/fr\/salon-a-a-2017\/\"]}]},{\"@type\":\"ImageObject\",\"inLanguage\":\"fr-FR\",\"@id\":\"https:\/\/www.spasciani.com\/fr\/salon-a-a-2017\/#primaryimage\",\"url\":\"https:\/\/www.spasciani.com\/wp-content\/uploads\/2017\/06\/news_aa_2017_750x200.jpg\",\"contentUrl\":\"https:\/\/www.spasciani.com\/wp-content\/uploads\/2017\/06\/news_aa_2017_750x200.jpg\",\"width\":750,\"height\":200,\"caption\":\"A+A 2017\"},{\"@type\":\"BreadcrumbList\",\"@id\":\"https:\/\/www.spasciani.com\/fr\/salon-a-a-2017\/#breadcrumb\",\"itemListElement\":[{\"@type\":\"ListItem\",\"position\":1,\"name\":\"Home\",\"item\":\"https:\/\/www.spasciani.com\/fr\/\"},{\"@type\":\"ListItem\",\"position\":2,\"name\":\"A+A 2017\"}]},{\"@type\":\"WebSite\",\"@id\":\"https:\/\/www.spasciani.com\/fr\/#website\",\"url\":\"https:\/\/www.spasciani.com\/fr\/\",\"name\":\"Spasciani\",\"description\":\"\",\"potentialAction\":[{\"@type\":\"SearchAction\",\"target\":{\"@type\":\"EntryPoint\",\"urlTemplate\":\"https:\/\/www.spasciani.com\/fr\/?s={search_term_string}\"},\"query-input\":{\"@type\":\"PropertyValueSpecification\",\"valueRequired\":true,\"valueName\":\"search_term_string\"}}],\"inLanguage\":\"fr-FR\"},{\"@type\":\"Person\",\"@id\":\"https:\/\/www.spasciani.com\/fr\/#\/schema\/person\/8c07c47539402a4ec03f456a2ded4b62\",\"name\":\"tonic\",\"image\":{\"@type\":\"ImageObject\",\"inLanguage\":\"fr-FR\",\"@id\":\"https:\/\/www.spasciani.com\/fr\/#\/schema\/person\/image\/\",\"url\":\"https:\/\/secure.gravatar.com\/avatar\/59bfd2a716d68f2a5b4133ab9e67bb576f710b62a38745ab2f8dd41124f23467?s=96&d=mm&r=g\",\"contentUrl\":\"https:\/\/secure.gravatar.com\/avatar\/59bfd2a716d68f2a5b4133ab9e67bb576f710b62a38745ab2f8dd41124f23467?s=96&d=mm&r=g\",\"caption\":\"tonic\"}}]}<\/script>\n<!-- \/ Yoast SEO plugin. -->","yoast_head_json":{"title":"A+A 2017 - Spasciani","robots":{"index":"index","follow":"follow","max-snippet":"max-snippet:-1","max-image-preview":"max-image-preview:large","max-video-preview":"max-video-preview:-1"},"canonical":"https:\/\/www.spasciani.com\/fr\/salon-a-a-2017\/","og_locale":"fr_FR","og_type":"article","og_title":"A+A 2017 - Spasciani","og_description":"La nouvelle \u00e9dition du salon A+A 2017 se rapproche et SPASCIANI est fi\u00e8re d\u2019y participer. Du 17 au 21 Octobre, A+A se tiendra, comme d\u2019habitude, \u00e0 D\u00fcsseldorf, en Allemagne. Nous vous acculierons sur notre standHall 06 Stand 6C05, et vous pr\u00e9senterons notre large gamme de dispositifs de protection http:\/\/farmaciaitaly.com respiratoire et nos nouveaut\u00e9s. 65.000 visiteurs [&hellip;]","og_url":"https:\/\/www.spasciani.com\/fr\/salon-a-a-2017\/","og_site_name":"Spasciani","article_published_time":"2017-06-12T13:26:47+00:00","article_modified_time":"2017-09-05T20:43:01+00:00","og_image":[{"width":750,"height":200,"url":"https:\/\/www.spasciani.com\/wp-content\/uploads\/2017\/06\/news_aa_2017_750x200.jpg","type":"image\/jpeg"}],"author":"tonic","twitter_card":"summary_large_image","twitter_misc":{"\u00c9crit par":"tonic","Dur\u00e9e de lecture estim\u00e9e":"1 minute"},"schema":{"@context":"https:\/\/schema.org","@graph":[{"@type":"WebPage","@id":"https:\/\/www.spasciani.com\/fr\/salon-a-a-2017\/","url":"https:\/\/www.spasciani.com\/fr\/salon-a-a-2017\/","name":"A+A 2017 - Spasciani","isPartOf":{"@id":"https:\/\/www.spasciani.com\/fr\/#website"},"primaryImageOfPage":{"@id":"https:\/\/www.spasciani.com\/fr\/salon-a-a-2017\/#primaryimage"},"image":{"@id":"https:\/\/www.spasciani.com\/fr\/salon-a-a-2017\/#primaryimage"},"thumbnailUrl":"https:\/\/www.spasciani.com\/wp-content\/uploads\/2017\/06\/news_aa_2017_750x200.jpg","datePublished":"2017-06-12T13:26:47+00:00","dateModified":"2017-09-05T20:43:01+00:00","author":{"@id":"https:\/\/www.spasciani.com\/fr\/#\/schema\/person\/8c07c47539402a4ec03f456a2ded4b62"},"breadcrumb":{"@id":"https:\/\/www.spasciani.com\/fr\/salon-a-a-2017\/#breadcrumb"},"inLanguage":"fr-FR","potentialAction":[{"@type":"ReadAction","target":["https:\/\/www.spasciani.com\/fr\/salon-a-a-2017\/"]}]},{"@type":"ImageObject","inLanguage":"fr-FR","@id":"https:\/\/www.spasciani.com\/fr\/salon-a-a-2017\/#primaryimage","url":"https:\/\/www.spasciani.com\/wp-content\/uploads\/2017\/06\/news_aa_2017_750x200.jpg","contentUrl":"https:\/\/www.spasciani.com\/wp-content\/uploads\/2017\/06\/news_aa_2017_750x200.jpg","width":750,"height":200,"caption":"A+A 2017"},{"@type":"BreadcrumbList","@id":"https:\/\/www.spasciani.com\/fr\/salon-a-a-2017\/#breadcrumb","itemListElement":[{"@type":"ListItem","position":1,"name":"Home","item":"https:\/\/www.spasciani.com\/fr\/"},{"@type":"ListItem","position":2,"name":"A+A 2017"}]},{"@type":"WebSite","@id":"https:\/\/www.spasciani.com\/fr\/#website","url":"https:\/\/www.spasciani.com\/fr\/","name":"Spasciani","description":"","potentialAction":[{"@type":"SearchAction","target":{"@type":"EntryPoint","urlTemplate":"https:\/\/www.spasciani.com\/fr\/?s={search_term_string}"},"query-input":{"@type":"PropertyValueSpecification","valueRequired":true,"valueName":"search_term_string"}}],"inLanguage":"fr-FR"},{"@type":"Person","@id":"https:\/\/www.spasciani.com\/fr\/#\/schema\/person\/8c07c47539402a4ec03f456a2ded4b62","name":"tonic","image":{"@type":"ImageObject","inLanguage":"fr-FR","@id":"https:\/\/www.spasciani.com\/fr\/#\/schema\/person\/image\/","url":"https:\/\/secure.gravatar.com\/avatar\/59bfd2a716d68f2a5b4133ab9e67bb576f710b62a38745ab2f8dd41124f23467?s=96&d=mm&r=g","contentUrl":"https:\/\/secure.gravatar.com\/avatar\/59bfd2a716d68f2a5b4133ab9e67bb576f710b62a38745ab2f8dd41124f23467?s=96&d=mm&r=g","caption":"tonic"}}]}},"_links":{"self":[{"href":"https:\/\/www.spasciani.com\/fr\/wp-json\/wp\/v2\/posts\/2607","targetHints":{"allow":["GET"]}}],"collection":[{"href":"https:\/\/www.spasciani.com\/fr\/wp-json\/wp\/v2\/posts"}],"about":[{"href":"https:\/\/www.spasciani.com\/fr\/wp-json\/wp\/v2\/types\/post"}],"author":[{"embeddable":true,"href":"https:\/\/www.spasciani.com\/fr\/wp-json\/wp\/v2\/users\/1"}],"replies":[{"embeddable":true,"href":"https:\/\/www.spasciani.com\/fr\/wp-json\/wp\/v2\/comments?post=2607"}],"version-history":[{"count":7,"href":"https:\/\/www.spasciani.com\/fr\/wp-json\/wp\/v2\/posts\/2607\/revisions"}],"predecessor-version":[{"id":4413,"href":"https:\/\/www.spasciani.com\/fr\/wp-json\/wp\/v2\/posts\/2607\/revisions\/4413"}],"wp:featuredmedia":[{"embeddable":true,"href":"https:\/\/www.spasciani.com\/fr\/wp-json\/wp\/v2\/media\/3716"}],"wp:attachment":[{"href":"https:\/\/www.spasciani.com\/fr\/wp-json\/wp\/v2\/media?parent=2607"}],"wp:term":[{"taxonomy":"post_tag","embeddable":true,"href":"https:\/\/www.spasciani.com\/fr\/wp-json\/wp\/v2\/tags?post=2607"}],"curies":[{"name":"wp","href":"https:\/\/api.w.org\/{rel}","templated":true}]}}