{"id":18626,"date":"2021-10-12T07:57:14","date_gmt":"2021-10-12T05:57:14","guid":{"rendered":"https:\/\/www.spasciani.com\/?p=18626"},"modified":"2021-10-13T08:08:12","modified_gmt":"2021-10-13T06:08:12","slug":"see-you-in-dusseldorf-aa-2021-ed","status":"publish","type":"post","link":"https:\/\/www.spasciani.com\/fr\/see-you-in-dusseldorf-aa-2021-ed\/","title":{"rendered":"Rendez-vous \u00e0 D\u00fcsseldorf pour A+A 2021"},"content":{"rendered":"<p>Le salon professionnel le plus important au monde dans le domaine de la s\u00e9curit\u00e9, de la s\u00fbret\u00e9 et de la sant\u00e9 au travail, se tiendra cette ann\u00e9e <strong>du 26 au 29 octobre<\/strong>, dans le cadre habituel de la ville de D\u00fcsseldorf.<\/p>\n<p>Pour notre Groupe <strong>A+A<\/strong>, c&rsquo;est une occasion incontournable de rencontrer des clients et des partenaires commerciaux, mais surtout de pr\u00e9senter les nouveaux produits les plus importants.<\/p>\n<p>Vous nous trouverez au <strong>Stand C05 &#8211; Hall 6<\/strong>.<\/p>\n<p><img loading=\"lazy\" decoding=\"async\" class=\"alignnone wp-image-18619\" src=\"https:\/\/www.spasciani.com\/wp-content\/uploads\/2021\/10\/aua1901_tm60_rgb01-300x106.jpg\" alt=\"\" width=\"650\" height=\"229\" srcset=\"https:\/\/www.spasciani.com\/wp-content\/uploads\/2021\/10\/aua1901_tm60_rgb01-300x106.jpg 300w, https:\/\/www.spasciani.com\/wp-content\/uploads\/2021\/10\/aua1901_tm60_rgb01-1024x361.jpg 1024w, https:\/\/www.spasciani.com\/wp-content\/uploads\/2021\/10\/aua1901_tm60_rgb01-768x271.jpg 768w, https:\/\/www.spasciani.com\/wp-content\/uploads\/2021\/10\/aua1901_tm60_rgb01.jpg 1200w\" sizes=\"auto, (max-width: 650px) 100vw, 650px\" \/><\/p>\n","protected":false},"excerpt":{"rendered":"<p>Le salon professionnel le plus important au monde dans le domaine de la s\u00e9curit\u00e9, de la s\u00fbret\u00e9 et de la sant\u00e9 au travail, se tiendra cette ann\u00e9e du 26 au 29 octobre, dans le cadre habituel de la ville de D\u00fcsseldorf. Pour notre Groupe A+A, c&rsquo;est une occasion incontournable de rencontrer des clients et des [&hellip;]<\/p>\n","protected":false},"author":3883,"featured_media":18620,"comment_status":"closed","ping_status":"closed","sticky":false,"template":"","format":"standard","meta":{"footnotes":""},"tags":[],"class_list":["post-18626","post","type-post","status-publish","format-standard","has-post-thumbnail","hentry"],"acf":[],"yoast_head":"<!-- This site is optimized with the Yoast SEO plugin v25.3.1 - https:\/\/yoast.com\/wordpress\/plugins\/seo\/ -->\n<title>Rendez-vous \u00e0 D\u00fcsseldorf pour A+A 2021 - Spasciani<\/title>\n<meta name=\"robots\" content=\"index, follow, max-snippet:-1, max-image-preview:large, max-video-preview:-1\" \/>\n<link rel=\"canonical\" href=\"https:\/\/www.spasciani.com\/fr\/see-you-in-dusseldorf-aa-2021-ed\/\" \/>\n<meta property=\"og:locale\" content=\"fr_FR\" \/>\n<meta property=\"og:type\" content=\"article\" \/>\n<meta property=\"og:title\" content=\"Rendez-vous \u00e0 D\u00fcsseldorf pour A+A 2021 - Spasciani\" \/>\n<meta property=\"og:description\" content=\"Le salon professionnel le plus important au monde dans le domaine de la s\u00e9curit\u00e9, de la s\u00fbret\u00e9 et de la sant\u00e9 au travail, se tiendra cette ann\u00e9e du 26 au 29 octobre, dans le cadre habituel de la ville de D\u00fcsseldorf. Pour notre Groupe A+A, c&rsquo;est une occasion incontournable de rencontrer des clients et des [&hellip;]\" \/>\n<meta property=\"og:url\" content=\"https:\/\/www.spasciani.com\/fr\/see-you-in-dusseldorf-aa-2021-ed\/\" \/>\n<meta property=\"og:site_name\" content=\"Spasciani\" \/>\n<meta property=\"article:published_time\" content=\"2021-10-12T05:57:14+00:00\" \/>\n<meta property=\"article:modified_time\" content=\"2021-10-13T06:08:12+00:00\" \/>\n<meta property=\"og:image\" content=\"https:\/\/www.spasciani.com\/wp-content\/uploads\/2021\/10\/aua1901_tm60_rgb01.jpg\" \/>\n\t<meta property=\"og:image:width\" content=\"1200\" \/>\n\t<meta property=\"og:image:height\" content=\"423\" \/>\n\t<meta property=\"og:image:type\" content=\"image\/jpeg\" \/>\n<meta name=\"author\" content=\"Marketing\" \/>\n<meta name=\"twitter:card\" content=\"summary_large_image\" \/>\n<meta name=\"twitter:label1\" content=\"\u00c9crit par\" \/>\n\t<meta name=\"twitter:data1\" content=\"Marketing\" \/>\n<script type=\"application\/ld+json\" class=\"yoast-schema-graph\">{\"@context\":\"https:\/\/schema.org\",\"@graph\":[{\"@type\":\"WebPage\",\"@id\":\"https:\/\/www.spasciani.com\/fr\/see-you-in-dusseldorf-aa-2021-ed\/\",\"url\":\"https:\/\/www.spasciani.com\/fr\/see-you-in-dusseldorf-aa-2021-ed\/\",\"name\":\"Rendez-vous \u00e0 D\u00fcsseldorf pour A+A 2021 - Spasciani\",\"isPartOf\":{\"@id\":\"https:\/\/www.spasciani.com\/fr\/#website\"},\"primaryImageOfPage\":{\"@id\":\"https:\/\/www.spasciani.com\/fr\/see-you-in-dusseldorf-aa-2021-ed\/#primaryimage\"},\"image\":{\"@id\":\"https:\/\/www.spasciani.com\/fr\/see-you-in-dusseldorf-aa-2021-ed\/#primaryimage\"},\"thumbnailUrl\":\"https:\/\/www.spasciani.com\/wp-content\/uploads\/2021\/10\/aua1901_tm60_rgb01.jpg\",\"datePublished\":\"2021-10-12T05:57:14+00:00\",\"dateModified\":\"2021-10-13T06:08:12+00:00\",\"author\":{\"@id\":\"https:\/\/www.spasciani.com\/fr\/#\/schema\/person\/7054ebc120927116ad0436b897ab77c1\"},\"breadcrumb\":{\"@id\":\"https:\/\/www.spasciani.com\/fr\/see-you-in-dusseldorf-aa-2021-ed\/#breadcrumb\"},\"inLanguage\":\"fr-FR\",\"potentialAction\":[{\"@type\":\"ReadAction\",\"target\":[\"https:\/\/www.spasciani.com\/fr\/see-you-in-dusseldorf-aa-2021-ed\/\"]}]},{\"@type\":\"ImageObject\",\"inLanguage\":\"fr-FR\",\"@id\":\"https:\/\/www.spasciani.com\/fr\/see-you-in-dusseldorf-aa-2021-ed\/#primaryimage\",\"url\":\"https:\/\/www.spasciani.com\/wp-content\/uploads\/2021\/10\/aua1901_tm60_rgb01.jpg\",\"contentUrl\":\"https:\/\/www.spasciani.com\/wp-content\/uploads\/2021\/10\/aua1901_tm60_rgb01.jpg\",\"width\":1200,\"height\":423},{\"@type\":\"BreadcrumbList\",\"@id\":\"https:\/\/www.spasciani.com\/fr\/see-you-in-dusseldorf-aa-2021-ed\/#breadcrumb\",\"itemListElement\":[{\"@type\":\"ListItem\",\"position\":1,\"name\":\"Home\",\"item\":\"https:\/\/www.spasciani.com\/fr\/\"},{\"@type\":\"ListItem\",\"position\":2,\"name\":\"Rendez-vous \u00e0 D\u00fcsseldorf pour A+A 2021\"}]},{\"@type\":\"WebSite\",\"@id\":\"https:\/\/www.spasciani.com\/fr\/#website\",\"url\":\"https:\/\/www.spasciani.com\/fr\/\",\"name\":\"Spasciani\",\"description\":\"\",\"potentialAction\":[{\"@type\":\"SearchAction\",\"target\":{\"@type\":\"EntryPoint\",\"urlTemplate\":\"https:\/\/www.spasciani.com\/fr\/?s={search_term_string}\"},\"query-input\":{\"@type\":\"PropertyValueSpecification\",\"valueRequired\":true,\"valueName\":\"search_term_string\"}}],\"inLanguage\":\"fr-FR\"},{\"@type\":\"Person\",\"@id\":\"https:\/\/www.spasciani.com\/fr\/#\/schema\/person\/7054ebc120927116ad0436b897ab77c1\",\"name\":\"Marketing\",\"image\":{\"@type\":\"ImageObject\",\"inLanguage\":\"fr-FR\",\"@id\":\"https:\/\/www.spasciani.com\/fr\/#\/schema\/person\/image\/\",\"url\":\"https:\/\/secure.gravatar.com\/avatar\/0af8eb4afbb1aa29e6f29a88c61b370016cb2d3c84991bc603ebcc9665950226?s=96&d=mm&r=g\",\"contentUrl\":\"https:\/\/secure.gravatar.com\/avatar\/0af8eb4afbb1aa29e6f29a88c61b370016cb2d3c84991bc603ebcc9665950226?s=96&d=mm&r=g\",\"caption\":\"Marketing\"}}]}<\/script>\n<!-- \/ Yoast SEO plugin. -->","yoast_head_json":{"title":"Rendez-vous \u00e0 D\u00fcsseldorf pour A+A 2021 - Spasciani","robots":{"index":"index","follow":"follow","max-snippet":"max-snippet:-1","max-image-preview":"max-image-preview:large","max-video-preview":"max-video-preview:-1"},"canonical":"https:\/\/www.spasciani.com\/fr\/see-you-in-dusseldorf-aa-2021-ed\/","og_locale":"fr_FR","og_type":"article","og_title":"Rendez-vous \u00e0 D\u00fcsseldorf pour A+A 2021 - Spasciani","og_description":"Le salon professionnel le plus important au monde dans le domaine de la s\u00e9curit\u00e9, de la s\u00fbret\u00e9 et de la sant\u00e9 au travail, se tiendra cette ann\u00e9e du 26 au 29 octobre, dans le cadre habituel de la ville de D\u00fcsseldorf. Pour notre Groupe A+A, c&rsquo;est une occasion incontournable de rencontrer des clients et des [&hellip;]","og_url":"https:\/\/www.spasciani.com\/fr\/see-you-in-dusseldorf-aa-2021-ed\/","og_site_name":"Spasciani","article_published_time":"2021-10-12T05:57:14+00:00","article_modified_time":"2021-10-13T06:08:12+00:00","og_image":[{"width":1200,"height":423,"url":"https:\/\/www.spasciani.com\/wp-content\/uploads\/2021\/10\/aua1901_tm60_rgb01.jpg","type":"image\/jpeg"}],"author":"Marketing","twitter_card":"summary_large_image","twitter_misc":{"\u00c9crit par":"Marketing"},"schema":{"@context":"https:\/\/schema.org","@graph":[{"@type":"WebPage","@id":"https:\/\/www.spasciani.com\/fr\/see-you-in-dusseldorf-aa-2021-ed\/","url":"https:\/\/www.spasciani.com\/fr\/see-you-in-dusseldorf-aa-2021-ed\/","name":"Rendez-vous \u00e0 D\u00fcsseldorf pour A+A 2021 - Spasciani","isPartOf":{"@id":"https:\/\/www.spasciani.com\/fr\/#website"},"primaryImageOfPage":{"@id":"https:\/\/www.spasciani.com\/fr\/see-you-in-dusseldorf-aa-2021-ed\/#primaryimage"},"image":{"@id":"https:\/\/www.spasciani.com\/fr\/see-you-in-dusseldorf-aa-2021-ed\/#primaryimage"},"thumbnailUrl":"https:\/\/www.spasciani.com\/wp-content\/uploads\/2021\/10\/aua1901_tm60_rgb01.jpg","datePublished":"2021-10-12T05:57:14+00:00","dateModified":"2021-10-13T06:08:12+00:00","author":{"@id":"https:\/\/www.spasciani.com\/fr\/#\/schema\/person\/7054ebc120927116ad0436b897ab77c1"},"breadcrumb":{"@id":"https:\/\/www.spasciani.com\/fr\/see-you-in-dusseldorf-aa-2021-ed\/#breadcrumb"},"inLanguage":"fr-FR","potentialAction":[{"@type":"ReadAction","target":["https:\/\/www.spasciani.com\/fr\/see-you-in-dusseldorf-aa-2021-ed\/"]}]},{"@type":"ImageObject","inLanguage":"fr-FR","@id":"https:\/\/www.spasciani.com\/fr\/see-you-in-dusseldorf-aa-2021-ed\/#primaryimage","url":"https:\/\/www.spasciani.com\/wp-content\/uploads\/2021\/10\/aua1901_tm60_rgb01.jpg","contentUrl":"https:\/\/www.spasciani.com\/wp-content\/uploads\/2021\/10\/aua1901_tm60_rgb01.jpg","width":1200,"height":423},{"@type":"BreadcrumbList","@id":"https:\/\/www.spasciani.com\/fr\/see-you-in-dusseldorf-aa-2021-ed\/#breadcrumb","itemListElement":[{"@type":"ListItem","position":1,"name":"Home","item":"https:\/\/www.spasciani.com\/fr\/"},{"@type":"ListItem","position":2,"name":"Rendez-vous \u00e0 D\u00fcsseldorf pour A+A 2021"}]},{"@type":"WebSite","@id":"https:\/\/www.spasciani.com\/fr\/#website","url":"https:\/\/www.spasciani.com\/fr\/","name":"Spasciani","description":"","potentialAction":[{"@type":"SearchAction","target":{"@type":"EntryPoint","urlTemplate":"https:\/\/www.spasciani.com\/fr\/?s={search_term_string}"},"query-input":{"@type":"PropertyValueSpecification","valueRequired":true,"valueName":"search_term_string"}}],"inLanguage":"fr-FR"},{"@type":"Person","@id":"https:\/\/www.spasciani.com\/fr\/#\/schema\/person\/7054ebc120927116ad0436b897ab77c1","name":"Marketing","image":{"@type":"ImageObject","inLanguage":"fr-FR","@id":"https:\/\/www.spasciani.com\/fr\/#\/schema\/person\/image\/","url":"https:\/\/secure.gravatar.com\/avatar\/0af8eb4afbb1aa29e6f29a88c61b370016cb2d3c84991bc603ebcc9665950226?s=96&d=mm&r=g","contentUrl":"https:\/\/secure.gravatar.com\/avatar\/0af8eb4afbb1aa29e6f29a88c61b370016cb2d3c84991bc603ebcc9665950226?s=96&d=mm&r=g","caption":"Marketing"}}]}},"_links":{"self":[{"href":"https:\/\/www.spasciani.com\/fr\/wp-json\/wp\/v2\/posts\/18626","targetHints":{"allow":["GET"]}}],"collection":[{"href":"https:\/\/www.spasciani.com\/fr\/wp-json\/wp\/v2\/posts"}],"about":[{"href":"https:\/\/www.spasciani.com\/fr\/wp-json\/wp\/v2\/types\/post"}],"author":[{"embeddable":true,"href":"https:\/\/www.spasciani.com\/fr\/wp-json\/wp\/v2\/users\/3883"}],"replies":[{"embeddable":true,"href":"https:\/\/www.spasciani.com\/fr\/wp-json\/wp\/v2\/comments?post=18626"}],"version-history":[{"count":3,"href":"https:\/\/www.spasciani.com\/fr\/wp-json\/wp\/v2\/posts\/18626\/revisions"}],"predecessor-version":[{"id":18640,"href":"https:\/\/www.spasciani.com\/fr\/wp-json\/wp\/v2\/posts\/18626\/revisions\/18640"}],"wp:featuredmedia":[{"embeddable":true,"href":"https:\/\/www.spasciani.com\/fr\/wp-json\/wp\/v2\/media\/18620"}],"wp:attachment":[{"href":"https:\/\/www.spasciani.com\/fr\/wp-json\/wp\/v2\/media?parent=18626"}],"wp:term":[{"taxonomy":"post_tag","embeddable":true,"href":"https:\/\/www.spasciani.com\/fr\/wp-json\/wp\/v2\/tags?post=18626"}],"curies":[{"name":"wp","href":"https:\/\/api.w.org\/{rel}","templated":true}]}}