{"id":6634,"date":"2019-10-10T18:56:29","date_gmt":"2019-10-10T16:56:29","guid":{"rendered":"http:\/\/preview.spasciani.com\/?p=6634"},"modified":"2019-10-11T18:37:02","modified_gmt":"2019-10-11T16:37:02","slug":"aa-2019-nos-veremos-en-dusseldorf","status":"publish","type":"post","link":"https:\/\/www.spasciani.com\/es\/aa-2019-nos-veremos-en-dusseldorf\/","title":{"rendered":"A+A 2019: nos veremos en D\u00fcsseldorf!"},"content":{"rendered":"<p><a href=\"https:\/\/www.aplusa-online.it\/it\/Internationale_Startseiten_[im_men\u00fc_ausgeblendet]\/A_A_2019?_ga=2.229452380.152640297.1569338294-2065001362.1569338294\"><img loading=\"lazy\" decoding=\"async\" class=\"aligncenter wp-image-6615\" src=\"http:\/\/preview.spasciani.com\/wp-content\/uploads\/2019\/10\/Schermata-2019-09-25-alle-17.43.39.png\" alt=\"\" width=\"760\" height=\"231\" srcset=\"https:\/\/www.spasciani.com\/wp-content\/uploads\/2019\/10\/Schermata-2019-09-25-alle-17.43.39.png 565w, https:\/\/www.spasciani.com\/wp-content\/uploads\/2019\/10\/Schermata-2019-09-25-alle-17.43.39-300x91.png 300w\" sizes=\"auto, (max-width: 760px) 100vw, 760px\" \/><\/a><\/p>\n<p class=\"p1\"><span class=\"s1\">Spasciani SpA estar\u00e1 presente como habitual en la feria de D\u00fcsseldorf. Este a\u00f1o con una gran novedad: a su lado, estar\u00e1 la nueva realidad de NUEVA SIBOL, que se uni\u00f3 al grupo el junio pasado.<\/span><\/p>\n<p class=\"p1\"><span class=\"s1\">Durante a\u00f1os, A+A ha sido la feria internacional m\u00e1s importante para centrarse en la seguridad personal, la seguridad corporativa y la salud en el lugar de trabajo.<\/span><\/p>\n<p class=\"p1\"><span class=\"s1\">La \u00faltima edici\u00f3n, la edici\u00f3n de 2017, cont\u00f3 con la asistencia de 1.942 expositores de 63 pa\u00edses y ha sido visitada por m\u00e1s de 67.000 visitantes de 132 pa\u00edses.<\/span><\/p>\n<p class=\"p1\"><span class=\"s1\">Para el Grupo Spasciani esta ser\u00e1 la primera oportunidad oficial a nivel internacional para presentar todas las novedades, la gama de productos enriquecida recientemente y el nuevo equipo de NUEVA SIBOL que ya est\u00e1 operativo!<\/span><\/p>\n<p class=\"p1\"><span class=\"s1\">En particular, estaremos orgullosos de presentarle algunas innovaciones importantes del producto, tales como: semi-m\u00e1scaras desechables, dispositivos de protecci\u00f3n auditiva, una nueva l\u00ednea de semi-m\u00e1scaras y cartuchos y los nuevos dispositivos de escape.<\/span><\/p>\n<p class=\"p1\"><span class=\"s1\">Para obtener m\u00e1s informaci\u00f3n, soporte log\u00edstico y entradas, rogamos que se pongan en contacto con nosotros; Pueden escribir a nuestra direcci\u00f3n de correo electronico info@spasciani.it o pueden ponerse en contacto directamente con uno de nos representantes comerciales<\/span><\/p>\n<p class=\"p1\"><span class=\"s1\">Nos les esperamos en D\u00fcsseldorf desde el 5 hasta el 8 noviembre en nuestro stand 6C05 \u2013 Hall 6.<\/span><\/p>\n","protected":false},"excerpt":{"rendered":"<p>Spasciani SpA estar\u00e1 presente como habitual en la feria de D\u00fcsseldorf. Este a\u00f1o con una gran novedad: a su lado, estar\u00e1 la nueva realidad de NUEVA SIBOL, que se uni\u00f3 al grupo el junio pasado. Durante a\u00f1os, A+A ha sido la feria internacional m\u00e1s importante para centrarse en la seguridad personal, la seguridad corporativa y [&hellip;]<\/p>\n","protected":false},"author":8934,"featured_media":6626,"comment_status":"closed","ping_status":"closed","sticky":false,"template":"","format":"standard","meta":{"footnotes":""},"tags":[],"class_list":["post-6634","post","type-post","status-publish","format-standard","has-post-thumbnail","hentry"],"acf":[],"yoast_head":"<!-- This site is optimized with the Yoast SEO plugin v25.3.1 - https:\/\/yoast.com\/wordpress\/plugins\/seo\/ -->\n<title>A+A 2019: nos veremos en D\u00fcsseldorf! - Spasciani<\/title>\n<meta name=\"robots\" content=\"index, follow, max-snippet:-1, max-image-preview:large, max-video-preview:-1\" \/>\n<link rel=\"canonical\" href=\"https:\/\/www.spasciani.com\/es\/aa-2019-nos-veremos-en-dusseldorf\/\" \/>\n<meta property=\"og:locale\" content=\"es_ES\" \/>\n<meta property=\"og:type\" content=\"article\" \/>\n<meta property=\"og:title\" content=\"A+A 2019: nos veremos en D\u00fcsseldorf! - Spasciani\" \/>\n<meta property=\"og:description\" content=\"Spasciani SpA estar\u00e1 presente como habitual en la feria de D\u00fcsseldorf. Este a\u00f1o con una gran novedad: a su lado, estar\u00e1 la nueva realidad de NUEVA SIBOL, que se uni\u00f3 al grupo el junio pasado. Durante a\u00f1os, A+A ha sido la feria internacional m\u00e1s importante para centrarse en la seguridad personal, la seguridad corporativa y [&hellip;]\" \/>\n<meta property=\"og:url\" content=\"https:\/\/www.spasciani.com\/es\/aa-2019-nos-veremos-en-dusseldorf\/\" \/>\n<meta property=\"og:site_name\" content=\"Spasciani\" \/>\n<meta property=\"article:published_time\" content=\"2019-10-10T16:56:29+00:00\" \/>\n<meta property=\"article:modified_time\" content=\"2019-10-11T16:37:02+00:00\" \/>\n<meta property=\"og:image\" content=\"https:\/\/www.spasciani.com\/wp-content\/uploads\/2019\/10\/Schermata-2019-09-25-alle-17.41.38.png\" \/>\n\t<meta property=\"og:image:width\" content=\"452\" \/>\n\t<meta property=\"og:image:height\" content=\"170\" \/>\n\t<meta property=\"og:image:type\" content=\"image\/png\" \/>\n<meta name=\"twitter:card\" content=\"summary_large_image\" \/>\n<meta name=\"twitter:label1\" content=\"Escrito por\" \/>\n\t<meta name=\"twitter:data1\" content=\"\" \/>\n\t<meta name=\"twitter:label2\" content=\"Tiempo de lectura\" \/>\n\t<meta name=\"twitter:data2\" content=\"1 minuto\" \/>\n<script type=\"application\/ld+json\" class=\"yoast-schema-graph\">{\"@context\":\"https:\/\/schema.org\",\"@graph\":[{\"@type\":\"WebPage\",\"@id\":\"https:\/\/www.spasciani.com\/es\/aa-2019-nos-veremos-en-dusseldorf\/\",\"url\":\"https:\/\/www.spasciani.com\/es\/aa-2019-nos-veremos-en-dusseldorf\/\",\"name\":\"A+A 2019: nos veremos en D\u00fcsseldorf! - Spasciani\",\"isPartOf\":{\"@id\":\"https:\/\/www.spasciani.com\/es\/#website\"},\"primaryImageOfPage\":{\"@id\":\"https:\/\/www.spasciani.com\/es\/aa-2019-nos-veremos-en-dusseldorf\/#primaryimage\"},\"image\":{\"@id\":\"https:\/\/www.spasciani.com\/es\/aa-2019-nos-veremos-en-dusseldorf\/#primaryimage\"},\"thumbnailUrl\":\"https:\/\/www.spasciani.com\/wp-content\/uploads\/2019\/10\/Schermata-2019-09-25-alle-17.41.38.png\",\"datePublished\":\"2019-10-10T16:56:29+00:00\",\"dateModified\":\"2019-10-11T16:37:02+00:00\",\"author\":{\"@id\":\"\"},\"breadcrumb\":{\"@id\":\"https:\/\/www.spasciani.com\/es\/aa-2019-nos-veremos-en-dusseldorf\/#breadcrumb\"},\"inLanguage\":\"es\",\"potentialAction\":[{\"@type\":\"ReadAction\",\"target\":[\"https:\/\/www.spasciani.com\/es\/aa-2019-nos-veremos-en-dusseldorf\/\"]}]},{\"@type\":\"ImageObject\",\"inLanguage\":\"es\",\"@id\":\"https:\/\/www.spasciani.com\/es\/aa-2019-nos-veremos-en-dusseldorf\/#primaryimage\",\"url\":\"https:\/\/www.spasciani.com\/wp-content\/uploads\/2019\/10\/Schermata-2019-09-25-alle-17.41.38.png\",\"contentUrl\":\"https:\/\/www.spasciani.com\/wp-content\/uploads\/2019\/10\/Schermata-2019-09-25-alle-17.41.38.png\",\"width\":452,\"height\":170},{\"@type\":\"BreadcrumbList\",\"@id\":\"https:\/\/www.spasciani.com\/es\/aa-2019-nos-veremos-en-dusseldorf\/#breadcrumb\",\"itemListElement\":[{\"@type\":\"ListItem\",\"position\":1,\"name\":\"Home\",\"item\":\"https:\/\/www.spasciani.com\/es\/\"},{\"@type\":\"ListItem\",\"position\":2,\"name\":\"A+A 2019: nos veremos en D\u00fcsseldorf!\"}]},{\"@type\":\"WebSite\",\"@id\":\"https:\/\/www.spasciani.com\/es\/#website\",\"url\":\"https:\/\/www.spasciani.com\/es\/\",\"name\":\"Spasciani\",\"description\":\"\",\"potentialAction\":[{\"@type\":\"SearchAction\",\"target\":{\"@type\":\"EntryPoint\",\"urlTemplate\":\"https:\/\/www.spasciani.com\/es\/?s={search_term_string}\"},\"query-input\":{\"@type\":\"PropertyValueSpecification\",\"valueRequired\":true,\"valueName\":\"search_term_string\"}}],\"inLanguage\":\"es\"},{\"@type\":\"Person\",\"@id\":\"\"}]}<\/script>\n<!-- \/ Yoast SEO plugin. -->","yoast_head_json":{"title":"A+A 2019: nos veremos en D\u00fcsseldorf! - Spasciani","robots":{"index":"index","follow":"follow","max-snippet":"max-snippet:-1","max-image-preview":"max-image-preview:large","max-video-preview":"max-video-preview:-1"},"canonical":"https:\/\/www.spasciani.com\/es\/aa-2019-nos-veremos-en-dusseldorf\/","og_locale":"es_ES","og_type":"article","og_title":"A+A 2019: nos veremos en D\u00fcsseldorf! - Spasciani","og_description":"Spasciani SpA estar\u00e1 presente como habitual en la feria de D\u00fcsseldorf. Este a\u00f1o con una gran novedad: a su lado, estar\u00e1 la nueva realidad de NUEVA SIBOL, que se uni\u00f3 al grupo el junio pasado. Durante a\u00f1os, A+A ha sido la feria internacional m\u00e1s importante para centrarse en la seguridad personal, la seguridad corporativa y [&hellip;]","og_url":"https:\/\/www.spasciani.com\/es\/aa-2019-nos-veremos-en-dusseldorf\/","og_site_name":"Spasciani","article_published_time":"2019-10-10T16:56:29+00:00","article_modified_time":"2019-10-11T16:37:02+00:00","og_image":[{"width":452,"height":170,"url":"https:\/\/www.spasciani.com\/wp-content\/uploads\/2019\/10\/Schermata-2019-09-25-alle-17.41.38.png","type":"image\/png"}],"twitter_card":"summary_large_image","twitter_misc":{"Escrito por":"","Tiempo de lectura":"1 minuto"},"schema":{"@context":"https:\/\/schema.org","@graph":[{"@type":"WebPage","@id":"https:\/\/www.spasciani.com\/es\/aa-2019-nos-veremos-en-dusseldorf\/","url":"https:\/\/www.spasciani.com\/es\/aa-2019-nos-veremos-en-dusseldorf\/","name":"A+A 2019: nos veremos en D\u00fcsseldorf! - Spasciani","isPartOf":{"@id":"https:\/\/www.spasciani.com\/es\/#website"},"primaryImageOfPage":{"@id":"https:\/\/www.spasciani.com\/es\/aa-2019-nos-veremos-en-dusseldorf\/#primaryimage"},"image":{"@id":"https:\/\/www.spasciani.com\/es\/aa-2019-nos-veremos-en-dusseldorf\/#primaryimage"},"thumbnailUrl":"https:\/\/www.spasciani.com\/wp-content\/uploads\/2019\/10\/Schermata-2019-09-25-alle-17.41.38.png","datePublished":"2019-10-10T16:56:29+00:00","dateModified":"2019-10-11T16:37:02+00:00","author":{"@id":""},"breadcrumb":{"@id":"https:\/\/www.spasciani.com\/es\/aa-2019-nos-veremos-en-dusseldorf\/#breadcrumb"},"inLanguage":"es","potentialAction":[{"@type":"ReadAction","target":["https:\/\/www.spasciani.com\/es\/aa-2019-nos-veremos-en-dusseldorf\/"]}]},{"@type":"ImageObject","inLanguage":"es","@id":"https:\/\/www.spasciani.com\/es\/aa-2019-nos-veremos-en-dusseldorf\/#primaryimage","url":"https:\/\/www.spasciani.com\/wp-content\/uploads\/2019\/10\/Schermata-2019-09-25-alle-17.41.38.png","contentUrl":"https:\/\/www.spasciani.com\/wp-content\/uploads\/2019\/10\/Schermata-2019-09-25-alle-17.41.38.png","width":452,"height":170},{"@type":"BreadcrumbList","@id":"https:\/\/www.spasciani.com\/es\/aa-2019-nos-veremos-en-dusseldorf\/#breadcrumb","itemListElement":[{"@type":"ListItem","position":1,"name":"Home","item":"https:\/\/www.spasciani.com\/es\/"},{"@type":"ListItem","position":2,"name":"A+A 2019: nos veremos en D\u00fcsseldorf!"}]},{"@type":"WebSite","@id":"https:\/\/www.spasciani.com\/es\/#website","url":"https:\/\/www.spasciani.com\/es\/","name":"Spasciani","description":"","potentialAction":[{"@type":"SearchAction","target":{"@type":"EntryPoint","urlTemplate":"https:\/\/www.spasciani.com\/es\/?s={search_term_string}"},"query-input":{"@type":"PropertyValueSpecification","valueRequired":true,"valueName":"search_term_string"}}],"inLanguage":"es"},{"@type":"Person","@id":""}]}},"_links":{"self":[{"href":"https:\/\/www.spasciani.com\/es\/wp-json\/wp\/v2\/posts\/6634","targetHints":{"allow":["GET"]}}],"collection":[{"href":"https:\/\/www.spasciani.com\/es\/wp-json\/wp\/v2\/posts"}],"about":[{"href":"https:\/\/www.spasciani.com\/es\/wp-json\/wp\/v2\/types\/post"}],"author":[{"embeddable":true,"href":"https:\/\/www.spasciani.com\/es\/wp-json\/wp\/v2\/users\/8934"}],"replies":[{"embeddable":true,"href":"https:\/\/www.spasciani.com\/es\/wp-json\/wp\/v2\/comments?post=6634"}],"version-history":[{"count":2,"href":"https:\/\/www.spasciani.com\/es\/wp-json\/wp\/v2\/posts\/6634\/revisions"}],"predecessor-version":[{"id":6645,"href":"https:\/\/www.spasciani.com\/es\/wp-json\/wp\/v2\/posts\/6634\/revisions\/6645"}],"wp:featuredmedia":[{"embeddable":true,"href":"https:\/\/www.spasciani.com\/es\/wp-json\/wp\/v2\/media\/6626"}],"wp:attachment":[{"href":"https:\/\/www.spasciani.com\/es\/wp-json\/wp\/v2\/media?parent=6634"}],"wp:term":[{"taxonomy":"post_tag","embeddable":true,"href":"https:\/\/www.spasciani.com\/es\/wp-json\/wp\/v2\/tags?post=6634"}],"curies":[{"name":"wp","href":"https:\/\/api.w.org\/{rel}","templated":true}]}}