{"id":27644,"date":"2025-04-16T16:13:38","date_gmt":"2025-04-16T14:13:38","guid":{"rendered":"https:\/\/www.spasciani.com\/?p=27644"},"modified":"2025-04-16T16:13:38","modified_gmt":"2025-04-16T14:13:38","slug":"feliz-pascua","status":"publish","type":"post","link":"https:\/\/www.spasciani.com\/es\/festivita-di-primavera\/","title":{"rendered":"Feliz Pascua"},"content":{"rendered":"<p>Son muchas las novedades que nos esperan para los pr\u00f3ximos meses, que no vemos la hora de contaros.<\/p>\n<p>Mientras tanto, nos gustar\u00eda informarles que la empresa estar\u00e1 cerrada algunos d\u00edas para las vacaciones de Pascua<\/p>\n<p>del 18 al 21 de abril inclusive.<\/p>\n<p>&nbsp;<\/p>\n<p>&nbsp;<\/p>\n","protected":false},"excerpt":{"rendered":"<p>Son muchas las novedades que nos esperan para los pr\u00f3ximos meses, que no vemos la hora de contaros. Mientras tanto, nos gustar\u00eda informarles que la empresa estar\u00e1 cerrada algunos d\u00edas para las vacaciones de Pascua del 18 al 21 de abril inclusive. &nbsp; &nbsp;<\/p>\n","protected":false},"author":3883,"featured_media":27756,"comment_status":"closed","ping_status":"closed","sticky":false,"template":"","format":"standard","meta":{"footnotes":""},"tags":[],"class_list":["post-27644","post","type-post","status-publish","format-standard","has-post-thumbnail","hentry"],"acf":[],"yoast_head":"<!-- This site is optimized with the Yoast SEO plugin v25.3.1 - https:\/\/yoast.com\/wordpress\/plugins\/seo\/ -->\n<title>Feliz Pascua - Spasciani<\/title>\n<meta name=\"robots\" content=\"index, follow, max-snippet:-1, max-image-preview:large, max-video-preview:-1\" \/>\n<link rel=\"canonical\" href=\"https:\/\/www.spasciani.com\/es\/festivita-di-primavera\/\" \/>\n<meta property=\"og:locale\" content=\"es_ES\" \/>\n<meta property=\"og:type\" content=\"article\" \/>\n<meta property=\"og:title\" content=\"Feliz Pascua - Spasciani\" \/>\n<meta property=\"og:description\" content=\"Son muchas las novedades que nos esperan para los pr\u00f3ximos meses, que no vemos la hora de contaros. Mientras tanto, nos gustar\u00eda informarles que la empresa estar\u00e1 cerrada algunos d\u00edas para las vacaciones de Pascua del 18 al 21 de abril inclusive. &nbsp; &nbsp;\" \/>\n<meta property=\"og:url\" content=\"https:\/\/www.spasciani.com\/es\/festivita-di-primavera\/\" \/>\n<meta property=\"og:site_name\" content=\"Spasciani\" \/>\n<meta property=\"article:published_time\" content=\"2025-04-16T14:13:38+00:00\" \/>\n<meta property=\"og:image\" content=\"https:\/\/www.spasciani.com\/wp-content\/uploads\/2025\/04\/pasqua-2025-scaled.jpeg\" \/>\n\t<meta property=\"og:image:width\" content=\"1707\" \/>\n\t<meta property=\"og:image:height\" content=\"2560\" \/>\n\t<meta property=\"og:image:type\" content=\"image\/jpeg\" \/>\n<meta name=\"author\" content=\"Marketing\" \/>\n<meta name=\"twitter:card\" content=\"summary_large_image\" \/>\n<meta name=\"twitter:label1\" content=\"Escrito por\" \/>\n\t<meta name=\"twitter:data1\" content=\"Marketing\" \/>\n\t<meta name=\"twitter:label2\" content=\"Tiempo de lectura\" \/>\n\t<meta name=\"twitter:data2\" content=\"1 minuto\" \/>\n<script type=\"application\/ld+json\" class=\"yoast-schema-graph\">{\"@context\":\"https:\/\/schema.org\",\"@graph\":[{\"@type\":\"WebPage\",\"@id\":\"https:\/\/www.spasciani.com\/es\/festivita-di-primavera\/\",\"url\":\"https:\/\/www.spasciani.com\/es\/festivita-di-primavera\/\",\"name\":\"Feliz Pascua - Spasciani\",\"isPartOf\":{\"@id\":\"https:\/\/www.spasciani.com\/es\/#website\"},\"primaryImageOfPage\":{\"@id\":\"https:\/\/www.spasciani.com\/es\/festivita-di-primavera\/#primaryimage\"},\"image\":{\"@id\":\"https:\/\/www.spasciani.com\/es\/festivita-di-primavera\/#primaryimage\"},\"thumbnailUrl\":\"https:\/\/www.spasciani.com\/wp-content\/uploads\/2025\/04\/pasqua-2025-scaled.jpeg\",\"datePublished\":\"2025-04-16T14:13:38+00:00\",\"author\":{\"@id\":\"https:\/\/www.spasciani.com\/es\/#\/schema\/person\/7054ebc120927116ad0436b897ab77c1\"},\"breadcrumb\":{\"@id\":\"https:\/\/www.spasciani.com\/es\/festivita-di-primavera\/#breadcrumb\"},\"inLanguage\":\"es\",\"potentialAction\":[{\"@type\":\"ReadAction\",\"target\":[\"https:\/\/www.spasciani.com\/es\/festivita-di-primavera\/\"]}]},{\"@type\":\"ImageObject\",\"inLanguage\":\"es\",\"@id\":\"https:\/\/www.spasciani.com\/es\/festivita-di-primavera\/#primaryimage\",\"url\":\"https:\/\/www.spasciani.com\/wp-content\/uploads\/2025\/04\/pasqua-2025-scaled.jpeg\",\"contentUrl\":\"https:\/\/www.spasciani.com\/wp-content\/uploads\/2025\/04\/pasqua-2025-scaled.jpeg\",\"width\":1707,\"height\":2560},{\"@type\":\"BreadcrumbList\",\"@id\":\"https:\/\/www.spasciani.com\/es\/festivita-di-primavera\/#breadcrumb\",\"itemListElement\":[{\"@type\":\"ListItem\",\"position\":1,\"name\":\"Home\",\"item\":\"https:\/\/www.spasciani.com\/es\/\"},{\"@type\":\"ListItem\",\"position\":2,\"name\":\"Feliz Pascua\"}]},{\"@type\":\"WebSite\",\"@id\":\"https:\/\/www.spasciani.com\/es\/#website\",\"url\":\"https:\/\/www.spasciani.com\/es\/\",\"name\":\"Spasciani\",\"description\":\"\",\"potentialAction\":[{\"@type\":\"SearchAction\",\"target\":{\"@type\":\"EntryPoint\",\"urlTemplate\":\"https:\/\/www.spasciani.com\/es\/?s={search_term_string}\"},\"query-input\":{\"@type\":\"PropertyValueSpecification\",\"valueRequired\":true,\"valueName\":\"search_term_string\"}}],\"inLanguage\":\"es\"},{\"@type\":\"Person\",\"@id\":\"https:\/\/www.spasciani.com\/es\/#\/schema\/person\/7054ebc120927116ad0436b897ab77c1\",\"name\":\"Marketing\",\"image\":{\"@type\":\"ImageObject\",\"inLanguage\":\"es\",\"@id\":\"https:\/\/www.spasciani.com\/es\/#\/schema\/person\/image\/\",\"url\":\"https:\/\/secure.gravatar.com\/avatar\/0af8eb4afbb1aa29e6f29a88c61b370016cb2d3c84991bc603ebcc9665950226?s=96&d=mm&r=g\",\"contentUrl\":\"https:\/\/secure.gravatar.com\/avatar\/0af8eb4afbb1aa29e6f29a88c61b370016cb2d3c84991bc603ebcc9665950226?s=96&d=mm&r=g\",\"caption\":\"Marketing\"}}]}<\/script>\n<!-- \/ Yoast SEO plugin. -->","yoast_head_json":{"title":"Feliz Pascua - Spasciani","robots":{"index":"index","follow":"follow","max-snippet":"max-snippet:-1","max-image-preview":"max-image-preview:large","max-video-preview":"max-video-preview:-1"},"canonical":"https:\/\/www.spasciani.com\/es\/festivita-di-primavera\/","og_locale":"es_ES","og_type":"article","og_title":"Feliz Pascua - Spasciani","og_description":"Son muchas las novedades que nos esperan para los pr\u00f3ximos meses, que no vemos la hora de contaros. Mientras tanto, nos gustar\u00eda informarles que la empresa estar\u00e1 cerrada algunos d\u00edas para las vacaciones de Pascua del 18 al 21 de abril inclusive. &nbsp; &nbsp;","og_url":"https:\/\/www.spasciani.com\/es\/festivita-di-primavera\/","og_site_name":"Spasciani","article_published_time":"2025-04-16T14:13:38+00:00","og_image":[{"width":1707,"height":2560,"url":"https:\/\/www.spasciani.com\/wp-content\/uploads\/2025\/04\/pasqua-2025-scaled.jpeg","type":"image\/jpeg"}],"author":"Marketing","twitter_card":"summary_large_image","twitter_misc":{"Escrito por":"Marketing","Tiempo de lectura":"1 minuto"},"schema":{"@context":"https:\/\/schema.org","@graph":[{"@type":"WebPage","@id":"https:\/\/www.spasciani.com\/es\/festivita-di-primavera\/","url":"https:\/\/www.spasciani.com\/es\/festivita-di-primavera\/","name":"Feliz Pascua - Spasciani","isPartOf":{"@id":"https:\/\/www.spasciani.com\/es\/#website"},"primaryImageOfPage":{"@id":"https:\/\/www.spasciani.com\/es\/festivita-di-primavera\/#primaryimage"},"image":{"@id":"https:\/\/www.spasciani.com\/es\/festivita-di-primavera\/#primaryimage"},"thumbnailUrl":"https:\/\/www.spasciani.com\/wp-content\/uploads\/2025\/04\/pasqua-2025-scaled.jpeg","datePublished":"2025-04-16T14:13:38+00:00","author":{"@id":"https:\/\/www.spasciani.com\/es\/#\/schema\/person\/7054ebc120927116ad0436b897ab77c1"},"breadcrumb":{"@id":"https:\/\/www.spasciani.com\/es\/festivita-di-primavera\/#breadcrumb"},"inLanguage":"es","potentialAction":[{"@type":"ReadAction","target":["https:\/\/www.spasciani.com\/es\/festivita-di-primavera\/"]}]},{"@type":"ImageObject","inLanguage":"es","@id":"https:\/\/www.spasciani.com\/es\/festivita-di-primavera\/#primaryimage","url":"https:\/\/www.spasciani.com\/wp-content\/uploads\/2025\/04\/pasqua-2025-scaled.jpeg","contentUrl":"https:\/\/www.spasciani.com\/wp-content\/uploads\/2025\/04\/pasqua-2025-scaled.jpeg","width":1707,"height":2560},{"@type":"BreadcrumbList","@id":"https:\/\/www.spasciani.com\/es\/festivita-di-primavera\/#breadcrumb","itemListElement":[{"@type":"ListItem","position":1,"name":"Home","item":"https:\/\/www.spasciani.com\/es\/"},{"@type":"ListItem","position":2,"name":"Feliz Pascua"}]},{"@type":"WebSite","@id":"https:\/\/www.spasciani.com\/es\/#website","url":"https:\/\/www.spasciani.com\/es\/","name":"Spasciani","description":"","potentialAction":[{"@type":"SearchAction","target":{"@type":"EntryPoint","urlTemplate":"https:\/\/www.spasciani.com\/es\/?s={search_term_string}"},"query-input":{"@type":"PropertyValueSpecification","valueRequired":true,"valueName":"search_term_string"}}],"inLanguage":"es"},{"@type":"Person","@id":"https:\/\/www.spasciani.com\/es\/#\/schema\/person\/7054ebc120927116ad0436b897ab77c1","name":"Marketing","image":{"@type":"ImageObject","inLanguage":"es","@id":"https:\/\/www.spasciani.com\/es\/#\/schema\/person\/image\/","url":"https:\/\/secure.gravatar.com\/avatar\/0af8eb4afbb1aa29e6f29a88c61b370016cb2d3c84991bc603ebcc9665950226?s=96&d=mm&r=g","contentUrl":"https:\/\/secure.gravatar.com\/avatar\/0af8eb4afbb1aa29e6f29a88c61b370016cb2d3c84991bc603ebcc9665950226?s=96&d=mm&r=g","caption":"Marketing"}}]}},"_links":{"self":[{"href":"https:\/\/www.spasciani.com\/es\/wp-json\/wp\/v2\/posts\/27644","targetHints":{"allow":["GET"]}}],"collection":[{"href":"https:\/\/www.spasciani.com\/es\/wp-json\/wp\/v2\/posts"}],"about":[{"href":"https:\/\/www.spasciani.com\/es\/wp-json\/wp\/v2\/types\/post"}],"author":[{"embeddable":true,"href":"https:\/\/www.spasciani.com\/es\/wp-json\/wp\/v2\/users\/3883"}],"replies":[{"embeddable":true,"href":"https:\/\/www.spasciani.com\/es\/wp-json\/wp\/v2\/comments?post=27644"}],"version-history":[{"count":2,"href":"https:\/\/www.spasciani.com\/es\/wp-json\/wp\/v2\/posts\/27644\/revisions"}],"predecessor-version":[{"id":27760,"href":"https:\/\/www.spasciani.com\/es\/wp-json\/wp\/v2\/posts\/27644\/revisions\/27760"}],"wp:featuredmedia":[{"embeddable":true,"href":"https:\/\/www.spasciani.com\/es\/wp-json\/wp\/v2\/media\/27756"}],"wp:attachment":[{"href":"https:\/\/www.spasciani.com\/es\/wp-json\/wp\/v2\/media?parent=27644"}],"wp:term":[{"taxonomy":"post_tag","embeddable":true,"href":"https:\/\/www.spasciani.com\/es\/wp-json\/wp\/v2\/tags?post=27644"}],"curies":[{"name":"wp","href":"https:\/\/api.w.org\/{rel}","templated":true}]}}