{"id":18292,"date":"2021-08-01T06:45:10","date_gmt":"2021-08-01T04:45:10","guid":{"rendered":"https:\/\/www.spasciani.com\/?p=18292"},"modified":"2021-08-01T06:45:10","modified_gmt":"2021-08-01T04:45:10","slug":"cierre-de-vacaciones-de-verano","status":"publish","type":"post","link":"https:\/\/www.spasciani.com\/es\/cierre-de-vacaciones-de-verano\/","title":{"rendered":"Cierre de vacaciones de verano"},"content":{"rendered":"<p class=\"p1\">Le informamos que nuestra empresa permanecer\u00e1 cerrada por vacaciones de verano del 6 al 24 de agosto incluido.<\/p>\n<p class=\"p1\">Las actividades laborales normales estar\u00e1n garantizadas el mi\u00e9rcoles 25 de agosto.<\/p>\n<p class=\"p1\">SIBOL estar\u00e1 cerrado desde el 9 al 27 de Agosto ambos incluidos.<\/p>\n<p class=\"p1\">\u00a1Felices vacaciones!<\/p>\n<p><img loading=\"lazy\" decoding=\"async\" class=\"alignnone wp-image-18278\" src=\"https:\/\/www.spasciani.com\/wp-content\/uploads\/2021\/07\/Copertina-News-Summer-2021-01-01-300x185.png\" alt=\"\" width=\"500\" height=\"308\" srcset=\"https:\/\/www.spasciani.com\/wp-content\/uploads\/2021\/07\/Copertina-News-Summer-2021-01-01-300x185.png 300w, https:\/\/www.spasciani.com\/wp-content\/uploads\/2021\/07\/Copertina-News-Summer-2021-01-01-1024x631.png 1024w, https:\/\/www.spasciani.com\/wp-content\/uploads\/2021\/07\/Copertina-News-Summer-2021-01-01-768x474.png 768w, https:\/\/www.spasciani.com\/wp-content\/uploads\/2021\/07\/Copertina-News-Summer-2021-01-01-1536x947.png 1536w, https:\/\/www.spasciani.com\/wp-content\/uploads\/2021\/07\/Copertina-News-Summer-2021-01-01-2048x1263.png 2048w\" sizes=\"auto, (max-width: 500px) 100vw, 500px\" \/><\/p>\n","protected":false},"excerpt":{"rendered":"<p>Le informamos que nuestra empresa permanecer\u00e1 cerrada por vacaciones de verano del 6 al 24 de agosto incluido. Las actividades laborales normales estar\u00e1n garantizadas el mi\u00e9rcoles 25 de agosto. SIBOL estar\u00e1 cerrado desde el 9 al 27 de Agosto ambos incluidos. \u00a1Felices vacaciones!<\/p>\n","protected":false},"author":3883,"featured_media":18278,"comment_status":"closed","ping_status":"closed","sticky":false,"template":"","format":"standard","meta":{"footnotes":""},"tags":[],"class_list":["post-18292","post","type-post","status-publish","format-standard","has-post-thumbnail","hentry"],"acf":[],"yoast_head":"<!-- This site is optimized with the Yoast SEO plugin v25.3.1 - https:\/\/yoast.com\/wordpress\/plugins\/seo\/ -->\n<title>Cierre de vacaciones de verano - Spasciani<\/title>\n<meta name=\"robots\" content=\"index, follow, max-snippet:-1, max-image-preview:large, max-video-preview:-1\" \/>\n<link rel=\"canonical\" href=\"https:\/\/www.spasciani.com\/es\/cierre-de-vacaciones-de-verano\/\" \/>\n<meta property=\"og:locale\" content=\"es_ES\" \/>\n<meta property=\"og:type\" content=\"article\" \/>\n<meta property=\"og:title\" content=\"Cierre de vacaciones de verano - Spasciani\" \/>\n<meta property=\"og:description\" content=\"Le informamos que nuestra empresa permanecer\u00e1 cerrada por vacaciones de verano del 6 al 24 de agosto incluido. Las actividades laborales normales estar\u00e1n garantizadas el mi\u00e9rcoles 25 de agosto. SIBOL estar\u00e1 cerrado desde el 9 al 27 de Agosto ambos incluidos. \u00a1Felices vacaciones!\" \/>\n<meta property=\"og:url\" content=\"https:\/\/www.spasciani.com\/es\/cierre-de-vacaciones-de-verano\/\" \/>\n<meta property=\"og:site_name\" content=\"Spasciani\" \/>\n<meta property=\"article:published_time\" content=\"2021-08-01T04:45:10+00:00\" \/>\n<meta property=\"og:image\" content=\"https:\/\/www.spasciani.com\/wp-content\/uploads\/2021\/07\/Copertina-News-Summer-2021-01-01.png\" \/>\n\t<meta property=\"og:image:width\" content=\"4272\" \/>\n\t<meta property=\"og:image:height\" content=\"2634\" \/>\n\t<meta property=\"og:image:type\" content=\"image\/png\" \/>\n<meta name=\"author\" content=\"Marketing\" \/>\n<meta name=\"twitter:card\" content=\"summary_large_image\" \/>\n<meta name=\"twitter:label1\" content=\"Escrito por\" \/>\n\t<meta name=\"twitter:data1\" content=\"Marketing\" \/>\n<script type=\"application\/ld+json\" class=\"yoast-schema-graph\">{\"@context\":\"https:\/\/schema.org\",\"@graph\":[{\"@type\":\"WebPage\",\"@id\":\"https:\/\/www.spasciani.com\/es\/cierre-de-vacaciones-de-verano\/\",\"url\":\"https:\/\/www.spasciani.com\/es\/cierre-de-vacaciones-de-verano\/\",\"name\":\"Cierre de vacaciones de verano - Spasciani\",\"isPartOf\":{\"@id\":\"https:\/\/www.spasciani.com\/es\/#website\"},\"primaryImageOfPage\":{\"@id\":\"https:\/\/www.spasciani.com\/es\/cierre-de-vacaciones-de-verano\/#primaryimage\"},\"image\":{\"@id\":\"https:\/\/www.spasciani.com\/es\/cierre-de-vacaciones-de-verano\/#primaryimage\"},\"thumbnailUrl\":\"https:\/\/www.spasciani.com\/wp-content\/uploads\/2021\/07\/Copertina-News-Summer-2021-01-01.png\",\"datePublished\":\"2021-08-01T04:45:10+00:00\",\"author\":{\"@id\":\"https:\/\/www.spasciani.com\/es\/#\/schema\/person\/7054ebc120927116ad0436b897ab77c1\"},\"breadcrumb\":{\"@id\":\"https:\/\/www.spasciani.com\/es\/cierre-de-vacaciones-de-verano\/#breadcrumb\"},\"inLanguage\":\"es\",\"potentialAction\":[{\"@type\":\"ReadAction\",\"target\":[\"https:\/\/www.spasciani.com\/es\/cierre-de-vacaciones-de-verano\/\"]}]},{\"@type\":\"ImageObject\",\"inLanguage\":\"es\",\"@id\":\"https:\/\/www.spasciani.com\/es\/cierre-de-vacaciones-de-verano\/#primaryimage\",\"url\":\"https:\/\/www.spasciani.com\/wp-content\/uploads\/2021\/07\/Copertina-News-Summer-2021-01-01.png\",\"contentUrl\":\"https:\/\/www.spasciani.com\/wp-content\/uploads\/2021\/07\/Copertina-News-Summer-2021-01-01.png\",\"width\":4272,\"height\":2634},{\"@type\":\"BreadcrumbList\",\"@id\":\"https:\/\/www.spasciani.com\/es\/cierre-de-vacaciones-de-verano\/#breadcrumb\",\"itemListElement\":[{\"@type\":\"ListItem\",\"position\":1,\"name\":\"Home\",\"item\":\"https:\/\/www.spasciani.com\/es\/\"},{\"@type\":\"ListItem\",\"position\":2,\"name\":\"Cierre de vacaciones de verano\"}]},{\"@type\":\"WebSite\",\"@id\":\"https:\/\/www.spasciani.com\/es\/#website\",\"url\":\"https:\/\/www.spasciani.com\/es\/\",\"name\":\"Spasciani\",\"description\":\"\",\"potentialAction\":[{\"@type\":\"SearchAction\",\"target\":{\"@type\":\"EntryPoint\",\"urlTemplate\":\"https:\/\/www.spasciani.com\/es\/?s={search_term_string}\"},\"query-input\":{\"@type\":\"PropertyValueSpecification\",\"valueRequired\":true,\"valueName\":\"search_term_string\"}}],\"inLanguage\":\"es\"},{\"@type\":\"Person\",\"@id\":\"https:\/\/www.spasciani.com\/es\/#\/schema\/person\/7054ebc120927116ad0436b897ab77c1\",\"name\":\"Marketing\",\"image\":{\"@type\":\"ImageObject\",\"inLanguage\":\"es\",\"@id\":\"https:\/\/www.spasciani.com\/es\/#\/schema\/person\/image\/\",\"url\":\"https:\/\/secure.gravatar.com\/avatar\/0af8eb4afbb1aa29e6f29a88c61b370016cb2d3c84991bc603ebcc9665950226?s=96&d=mm&r=g\",\"contentUrl\":\"https:\/\/secure.gravatar.com\/avatar\/0af8eb4afbb1aa29e6f29a88c61b370016cb2d3c84991bc603ebcc9665950226?s=96&d=mm&r=g\",\"caption\":\"Marketing\"}}]}<\/script>\n<!-- \/ Yoast SEO plugin. -->","yoast_head_json":{"title":"Cierre de vacaciones de verano - Spasciani","robots":{"index":"index","follow":"follow","max-snippet":"max-snippet:-1","max-image-preview":"max-image-preview:large","max-video-preview":"max-video-preview:-1"},"canonical":"https:\/\/www.spasciani.com\/es\/cierre-de-vacaciones-de-verano\/","og_locale":"es_ES","og_type":"article","og_title":"Cierre de vacaciones de verano - Spasciani","og_description":"Le informamos que nuestra empresa permanecer\u00e1 cerrada por vacaciones de verano del 6 al 24 de agosto incluido. Las actividades laborales normales estar\u00e1n garantizadas el mi\u00e9rcoles 25 de agosto. SIBOL estar\u00e1 cerrado desde el 9 al 27 de Agosto ambos incluidos. \u00a1Felices vacaciones!","og_url":"https:\/\/www.spasciani.com\/es\/cierre-de-vacaciones-de-verano\/","og_site_name":"Spasciani","article_published_time":"2021-08-01T04:45:10+00:00","og_image":[{"width":4272,"height":2634,"url":"https:\/\/www.spasciani.com\/wp-content\/uploads\/2021\/07\/Copertina-News-Summer-2021-01-01.png","type":"image\/png"}],"author":"Marketing","twitter_card":"summary_large_image","twitter_misc":{"Escrito por":"Marketing"},"schema":{"@context":"https:\/\/schema.org","@graph":[{"@type":"WebPage","@id":"https:\/\/www.spasciani.com\/es\/cierre-de-vacaciones-de-verano\/","url":"https:\/\/www.spasciani.com\/es\/cierre-de-vacaciones-de-verano\/","name":"Cierre de vacaciones de verano - Spasciani","isPartOf":{"@id":"https:\/\/www.spasciani.com\/es\/#website"},"primaryImageOfPage":{"@id":"https:\/\/www.spasciani.com\/es\/cierre-de-vacaciones-de-verano\/#primaryimage"},"image":{"@id":"https:\/\/www.spasciani.com\/es\/cierre-de-vacaciones-de-verano\/#primaryimage"},"thumbnailUrl":"https:\/\/www.spasciani.com\/wp-content\/uploads\/2021\/07\/Copertina-News-Summer-2021-01-01.png","datePublished":"2021-08-01T04:45:10+00:00","author":{"@id":"https:\/\/www.spasciani.com\/es\/#\/schema\/person\/7054ebc120927116ad0436b897ab77c1"},"breadcrumb":{"@id":"https:\/\/www.spasciani.com\/es\/cierre-de-vacaciones-de-verano\/#breadcrumb"},"inLanguage":"es","potentialAction":[{"@type":"ReadAction","target":["https:\/\/www.spasciani.com\/es\/cierre-de-vacaciones-de-verano\/"]}]},{"@type":"ImageObject","inLanguage":"es","@id":"https:\/\/www.spasciani.com\/es\/cierre-de-vacaciones-de-verano\/#primaryimage","url":"https:\/\/www.spasciani.com\/wp-content\/uploads\/2021\/07\/Copertina-News-Summer-2021-01-01.png","contentUrl":"https:\/\/www.spasciani.com\/wp-content\/uploads\/2021\/07\/Copertina-News-Summer-2021-01-01.png","width":4272,"height":2634},{"@type":"BreadcrumbList","@id":"https:\/\/www.spasciani.com\/es\/cierre-de-vacaciones-de-verano\/#breadcrumb","itemListElement":[{"@type":"ListItem","position":1,"name":"Home","item":"https:\/\/www.spasciani.com\/es\/"},{"@type":"ListItem","position":2,"name":"Cierre de vacaciones de verano"}]},{"@type":"WebSite","@id":"https:\/\/www.spasciani.com\/es\/#website","url":"https:\/\/www.spasciani.com\/es\/","name":"Spasciani","description":"","potentialAction":[{"@type":"SearchAction","target":{"@type":"EntryPoint","urlTemplate":"https:\/\/www.spasciani.com\/es\/?s={search_term_string}"},"query-input":{"@type":"PropertyValueSpecification","valueRequired":true,"valueName":"search_term_string"}}],"inLanguage":"es"},{"@type":"Person","@id":"https:\/\/www.spasciani.com\/es\/#\/schema\/person\/7054ebc120927116ad0436b897ab77c1","name":"Marketing","image":{"@type":"ImageObject","inLanguage":"es","@id":"https:\/\/www.spasciani.com\/es\/#\/schema\/person\/image\/","url":"https:\/\/secure.gravatar.com\/avatar\/0af8eb4afbb1aa29e6f29a88c61b370016cb2d3c84991bc603ebcc9665950226?s=96&d=mm&r=g","contentUrl":"https:\/\/secure.gravatar.com\/avatar\/0af8eb4afbb1aa29e6f29a88c61b370016cb2d3c84991bc603ebcc9665950226?s=96&d=mm&r=g","caption":"Marketing"}}]}},"_links":{"self":[{"href":"https:\/\/www.spasciani.com\/es\/wp-json\/wp\/v2\/posts\/18292","targetHints":{"allow":["GET"]}}],"collection":[{"href":"https:\/\/www.spasciani.com\/es\/wp-json\/wp\/v2\/posts"}],"about":[{"href":"https:\/\/www.spasciani.com\/es\/wp-json\/wp\/v2\/types\/post"}],"author":[{"embeddable":true,"href":"https:\/\/www.spasciani.com\/es\/wp-json\/wp\/v2\/users\/3883"}],"replies":[{"embeddable":true,"href":"https:\/\/www.spasciani.com\/es\/wp-json\/wp\/v2\/comments?post=18292"}],"version-history":[{"count":1,"href":"https:\/\/www.spasciani.com\/es\/wp-json\/wp\/v2\/posts\/18292\/revisions"}],"predecessor-version":[{"id":18293,"href":"https:\/\/www.spasciani.com\/es\/wp-json\/wp\/v2\/posts\/18292\/revisions\/18293"}],"wp:featuredmedia":[{"embeddable":true,"href":"https:\/\/www.spasciani.com\/es\/wp-json\/wp\/v2\/media\/18278"}],"wp:attachment":[{"href":"https:\/\/www.spasciani.com\/es\/wp-json\/wp\/v2\/media?parent=18292"}],"wp:term":[{"taxonomy":"post_tag","embeddable":true,"href":"https:\/\/www.spasciani.com\/es\/wp-json\/wp\/v2\/tags?post=18292"}],"curies":[{"name":"wp","href":"https:\/\/api.w.org\/{rel}","templated":true}]}}